{"id":8393,"date":"2025-03-25T19:52:40","date_gmt":"2025-03-25T17:52:40","guid":{"rendered":"https:\/\/estrategiamarketing.digital\/eric-onidi-assessor-acreditat-al-nou-cupo-daccio-estrategia-dexportacio\/"},"modified":"2025-04-29T16:38:34","modified_gmt":"2025-04-29T14:38:34","slug":"eric-onidi-assessor-acreditat-al-nou-cupo-daccio-estrategia-dexportacio","status":"publish","type":"post","link":"https:\/\/estrategiamarketing.digital\/ca\/eric-onidi-assessor-acreditat-al-nou-cupo-daccio-estrategia-dexportacio\/","title":{"rendered":"Eric Onidi, assessor acreditat al nou cup\u00f3 d&#8217;ACCI\u00d3 &#8220;Estrat\u00e8gia d&#8217;Exportaci\u00f3\""},"content":{"rendered":"\n<p>A EMD \u2013 Estrat\u00e8gia Marketing Digital, seguim ampliant les nostres capacitats <strong>per<\/strong> ajudar les empreses a cr\u00e9ixer i arribar a <strong>nous<\/strong> <strong>mercats<\/strong> . <\/p>\n\n<h3 class=\"wp-block-heading\">\u00bf Qu\u00e8 \u00e9s ACCI\u00d3?<\/h3>\n\n<p><strong><a href=\"https:\/\/www.accio.gencat.cat\/es\/inici\/index.html\">ACCI\u00d3<\/a><\/strong> \u00e9s l&#8217; <strong>Ag\u00e8ncia p\u00fablica per a la competitivitat de l&#8217;empresa<\/strong> , impulsada per la Generalitat de Catalunya. El seu objectiu \u00e9s fomentar la <strong>innovaci\u00f3<\/strong> , la <strong>internacionalitzaci\u00f3 empresarial<\/strong> i l&#8217; <strong>atracci\u00f3 d&#8217;inversions<\/strong> , oferint suport a les empreses per potenciar el seu creixement en mercats nacionals i internacionals. <\/p>\n\n<h3 class=\"wp-block-heading\">Nova acreditaci\u00f3 a &#8220;Estrat\u00e8gia d&#8217;Exportaci\u00f3\"<\/h3>\n\n<p>Aquesta acreditaci\u00f3 refor\u00e7a el nostre comprom\u00eds amb la internacionalitzaci\u00f3 empresarial, permetent que des d&#8217; <strong>EMD<\/strong> oferim un servei estrat\u00e8gic i adaptat a empreses que busquen expandir-se m\u00e9s enll\u00e0 de les fronteres. Gr\u00e0cies a aquesta acreditaci\u00f3, estem reconeguts oficialment per ACCI\u00d3 com a consultors especialitzats en la <strong>definici\u00f3 d\u201festrat\u00e8gies d\u201fexportaci\u00f3<\/strong> i en la creaci\u00f3 d\u201fun <strong>pla de promoci\u00f3 internacional omnicanal.<\/strong> <\/p>\n<div class=\"wp-block-image\">\n<figure class=\"aligncenter size-full is-resized\"><img decoding=\"async\" width=\"956\" height=\"558\" src=\"https:\/\/estrategiamarketing.digital\/wp-content\/uploads\/2024\/05\/image.png\" alt=\"Segell persona acreditada a ACCIO international etrade\" class=\"wp-image-7656\" style=\"width:449px;height:auto\" srcset=\"https:\/\/estrategiamarketing.digital\/wp-content\/uploads\/2024\/05\/image.png 956w, https:\/\/estrategiamarketing.digital\/wp-content\/uploads\/2024\/05\/image-300x175.png 300w, https:\/\/estrategiamarketing.digital\/wp-content\/uploads\/2024\/05\/image-768x448.png 768w, https:\/\/estrategiamarketing.digital\/wp-content\/uploads\/2024\/05\/image-150x88.png 150w\" sizes=\"(max-width: 956px) 100vw, 956px\" \/><\/figure>\n<\/div>\n<h3 class=\"wp-block-heading\">\u00bf Com et beneficia aquesta acreditaci\u00f3?<\/h3>\n\n<p>A <strong>EMD<\/strong> , estem oficialment capacitats i acreditats per desenvolupar projectes d&#8217;internacionalitzaci\u00f3 que inclouen <strong>80 hores de consultoria especialitzada<\/strong> , impartides per experts i, el millor de tot: <strong>100% subvencionades<\/strong> .<\/p>\n\n<p>El servei consta de quatre fases clau:<\/p>\n\n<ol start=\"1\" class=\"wp-block-list\">\n<li><strong>An\u00e0lisi interna<\/strong> : Avaluaci\u00f3 de productes, serveis, estrat\u00e8gia actual i proposta de valor.<\/li>\n\n\n\n<li><strong>An\u00e0lisi externa<\/strong> : Estudi de tend\u00e8ncies del sector, competidors i selecci\u00f3 de mercats objectiu.<\/li>\n\n\n\n<li><strong>Estrat\u00e8gia internacional i pla d&#8217;acci\u00f3<\/strong> : Definici\u00f3 d&#8217;objectius, buyer persona, canals i pressupost.<\/li>\n\n\n\n<li><strong>Seguiment i acompanyament<\/strong> en la posada en marxa del pla.<\/li>\n<\/ol>\n\n<h3 class=\"wp-block-heading\">Prepara la teva empresa per a l&#8217;expansi\u00f3 internacional!<\/h3>\n\n<p>Si esteu explorant oportunitats d&#8217; <strong>expansi\u00f3 internacional<\/strong> per a la vostra empresa, ara \u00e9s el moment perfecte per actuar. A <strong>EMD<\/strong> t&#8217;acompanyem a cada pas del cam\u00ed per assegurar que el teu negoci creixi de manera s\u00f2lida i rendible en mercats internacionals. <\/p>\n\n<p>Contacta&#8217;ns avui mateix i descobreix com et podem ajudar a cr\u00e9ixer m\u00e9s enll\u00e0 de les fronteres!<\/p>\n","protected":false},"excerpt":{"rendered":"<p>A EMD \u2013 Estrat\u00e8gia Marketing Digital, seguim ampliant les nostres capacitats per ajudar les empreses a cr\u00e9ixer i arribar a nous mercats . \u00bf Qu\u00e8 \u00e9s ACCI\u00d3? ACCI\u00d3 \u00e9s l&#8217; Ag\u00e8ncia p\u00fablica per a la competitivitat de l&#8217;empresa , impulsada per la Generalitat de Catalunya. El seu objectiu \u00e9s fomentar la innovaci\u00f3 , la internacionalitzaci\u00f3 [&hellip;]<\/p>\n","protected":false},"author":10,"featured_media":8011,"comment_status":"open","ping_status":"open","sticky":false,"template":"","format":"standard","meta":{"_joinchat":[],"footnotes":""},"categories":[131,132],"tags":[135,133,136,134],"class_list":["post-8393","post","type-post","status-publish","format-standard","has-post-thumbnail","hentry","category-sense-categoria","category-subvencions","tag-cupons-accio-ca","tag-estrategia-ca","tag-internacionalitzacio","tag-marqueting"],"yoast_head":"<!-- This site is optimized with the Yoast SEO plugin v27.5 - https:\/\/yoast.com\/product\/yoast-seo-wordpress\/ -->\n<title>Eric Onidi, assessor acreditat al nou cup\u00f3 d&#039;ACCI\u00d3 &quot;Estrat\u00e8gia d&#039;Exportaci\u00f3&quot; - EMD - Estrategia de Marketing Digital<\/title>\n<meta name=\"description\" content=\"Eric Onidi, ha estat acreditat com a assessor d&#039;ACCI\u00d3 a la nova categoria &quot;Estrat\u00e8gia d&#039;Exportaci\u00f3&quot; per a la internacionalitzaci\u00f3.\" \/>\n<meta name=\"robots\" content=\"index, follow, max-snippet:-1, max-image-preview:large, max-video-preview:-1\" \/>\n<link rel=\"canonical\" href=\"https:\/\/estrategiamarketing.digital\/ca\/eric-onidi-assessor-acreditat-al-nou-cupo-daccio-estrategia-dexportacio\/\" \/>\n<meta property=\"og:locale\" content=\"ca_ES\" \/>\n<meta property=\"og:type\" content=\"article\" \/>\n<meta property=\"og:title\" content=\"Eric Onidi, assessor acreditat al nou cup\u00f3 d&#039;ACCI\u00d3 &quot;Estrat\u00e8gia d&#039;Exportaci\u00f3&quot; - EMD - Estrategia de Marketing Digital\" \/>\n<meta property=\"og:description\" content=\"Eric Onidi, ha estat acreditat com a assessor d&#039;ACCI\u00d3 a la nova categoria &quot;Estrat\u00e8gia d&#039;Exportaci\u00f3&quot; per a la internacionalitzaci\u00f3.\" \/>\n<meta property=\"og:url\" content=\"https:\/\/estrategiamarketing.digital\/ca\/eric-onidi-assessor-acreditat-al-nou-cupo-daccio-estrategia-dexportacio\/\" \/>\n<meta property=\"og:site_name\" content=\"EMD - Estrategia de Marketing Digital\" \/>\n<meta property=\"article:published_time\" content=\"2025-03-25T17:52:40+00:00\" \/>\n<meta property=\"article:modified_time\" content=\"2025-04-29T14:38:34+00:00\" \/>\n<meta property=\"og:image\" content=\"https:\/\/estrategiamarketing.digital\/wp-content\/uploads\/2021\/04\/accio-header_1.jpg\" \/>\n\t<meta property=\"og:image:width\" content=\"1920\" \/>\n\t<meta property=\"og:image:height\" content=\"1280\" \/>\n\t<meta property=\"og:image:type\" content=\"image\/jpeg\" \/>\n<meta name=\"author\" content=\"Sara Parr\u00f3n\" \/>\n<meta name=\"twitter:card\" content=\"summary_large_image\" \/>\n<meta name=\"twitter:label1\" content=\"Escrit per\" \/>\n\t<meta name=\"twitter:data1\" content=\"Sara Parr\u00f3n\" \/>\n\t<meta name=\"twitter:label2\" content=\"Temps estimat de lectura\" \/>\n\t<meta name=\"twitter:data2\" content=\"2 minuts\" \/>\n<script type=\"application\/ld+json\" class=\"yoast-schema-graph\">{\"@context\":\"https:\\\/\\\/schema.org\",\"@graph\":[{\"@type\":\"Article\",\"@id\":\"https:\\\/\\\/estrategiamarketing.digital\\\/ca\\\/eric-onidi-assessor-acreditat-al-nou-cupo-daccio-estrategia-dexportacio\\\/#article\",\"isPartOf\":{\"@id\":\"https:\\\/\\\/estrategiamarketing.digital\\\/ca\\\/eric-onidi-assessor-acreditat-al-nou-cupo-daccio-estrategia-dexportacio\\\/\"},\"author\":{\"name\":\"Sara Parr\u00f3n\",\"@id\":\"https:\\\/\\\/estrategiamarketing.digital\\\/ca\\\/#\\\/schema\\\/person\\\/76bdf622c02886140dad052bbea658d2\"},\"headline\":\"Eric Onidi, assessor acreditat al nou cup\u00f3 d&#8217;ACCI\u00d3 &#8220;Estrat\u00e8gia d&#8217;Exportaci\u00f3\\\"\",\"datePublished\":\"2025-03-25T17:52:40+00:00\",\"dateModified\":\"2025-04-29T14:38:34+00:00\",\"mainEntityOfPage\":{\"@id\":\"https:\\\/\\\/estrategiamarketing.digital\\\/ca\\\/eric-onidi-assessor-acreditat-al-nou-cupo-daccio-estrategia-dexportacio\\\/\"},\"wordCount\":319,\"commentCount\":0,\"publisher\":{\"@id\":\"https:\\\/\\\/estrategiamarketing.digital\\\/ca\\\/#organization\"},\"image\":{\"@id\":\"https:\\\/\\\/estrategiamarketing.digital\\\/ca\\\/eric-onidi-assessor-acreditat-al-nou-cupo-daccio-estrategia-dexportacio\\\/#primaryimage\"},\"thumbnailUrl\":\"https:\\\/\\\/estrategiamarketing.digital\\\/wp-content\\\/uploads\\\/2021\\\/04\\\/accio-header_1.jpg\",\"keywords\":[\"Cupons ACCI\u00d3\",\"estrat\u00e8gia\",\"internacionalitzaci\u00f3\",\"m\u00e0rqueting\"],\"articleSection\":{\"1\":\"Subvencions\"},\"inLanguage\":\"ca\",\"potentialAction\":[{\"@type\":\"CommentAction\",\"name\":\"Comment\",\"target\":[\"https:\\\/\\\/estrategiamarketing.digital\\\/ca\\\/eric-onidi-assessor-acreditat-al-nou-cupo-daccio-estrategia-dexportacio\\\/#respond\"]}]},{\"@type\":\"WebPage\",\"@id\":\"https:\\\/\\\/estrategiamarketing.digital\\\/ca\\\/eric-onidi-assessor-acreditat-al-nou-cupo-daccio-estrategia-dexportacio\\\/\",\"url\":\"https:\\\/\\\/estrategiamarketing.digital\\\/ca\\\/eric-onidi-assessor-acreditat-al-nou-cupo-daccio-estrategia-dexportacio\\\/\",\"name\":\"Eric Onidi, assessor acreditat al nou cup\u00f3 d'ACCI\u00d3 \\\"Estrat\u00e8gia d'Exportaci\u00f3\\\" - EMD - Estrategia de Marketing Digital\",\"isPartOf\":{\"@id\":\"https:\\\/\\\/estrategiamarketing.digital\\\/ca\\\/#website\"},\"primaryImageOfPage\":{\"@id\":\"https:\\\/\\\/estrategiamarketing.digital\\\/ca\\\/eric-onidi-assessor-acreditat-al-nou-cupo-daccio-estrategia-dexportacio\\\/#primaryimage\"},\"image\":{\"@id\":\"https:\\\/\\\/estrategiamarketing.digital\\\/ca\\\/eric-onidi-assessor-acreditat-al-nou-cupo-daccio-estrategia-dexportacio\\\/#primaryimage\"},\"thumbnailUrl\":\"https:\\\/\\\/estrategiamarketing.digital\\\/wp-content\\\/uploads\\\/2021\\\/04\\\/accio-header_1.jpg\",\"datePublished\":\"2025-03-25T17:52:40+00:00\",\"dateModified\":\"2025-04-29T14:38:34+00:00\",\"description\":\"Eric Onidi, ha estat acreditat com a assessor d'ACCI\u00d3 a la nova categoria \\\"Estrat\u00e8gia d'Exportaci\u00f3\\\" per a la internacionalitzaci\u00f3.\",\"breadcrumb\":{\"@id\":\"https:\\\/\\\/estrategiamarketing.digital\\\/ca\\\/eric-onidi-assessor-acreditat-al-nou-cupo-daccio-estrategia-dexportacio\\\/#breadcrumb\"},\"inLanguage\":\"ca\",\"potentialAction\":[{\"@type\":\"ReadAction\",\"target\":[\"https:\\\/\\\/estrategiamarketing.digital\\\/ca\\\/eric-onidi-assessor-acreditat-al-nou-cupo-daccio-estrategia-dexportacio\\\/\"]}]},{\"@type\":\"ImageObject\",\"inLanguage\":\"ca\",\"@id\":\"https:\\\/\\\/estrategiamarketing.digital\\\/ca\\\/eric-onidi-assessor-acreditat-al-nou-cupo-daccio-estrategia-dexportacio\\\/#primaryimage\",\"url\":\"https:\\\/\\\/estrategiamarketing.digital\\\/wp-content\\\/uploads\\\/2021\\\/04\\\/accio-header_1.jpg\",\"contentUrl\":\"https:\\\/\\\/estrategiamarketing.digital\\\/wp-content\\\/uploads\\\/2021\\\/04\\\/accio-header_1.jpg\",\"width\":1920,\"height\":1280,\"caption\":\"Eric Onidi, asesor de acci\u00f3\"},{\"@type\":\"BreadcrumbList\",\"@id\":\"https:\\\/\\\/estrategiamarketing.digital\\\/ca\\\/eric-onidi-assessor-acreditat-al-nou-cupo-daccio-estrategia-dexportacio\\\/#breadcrumb\",\"itemListElement\":[{\"@type\":\"ListItem\",\"position\":1,\"name\":\"Portada\",\"item\":\"https:\\\/\\\/estrategiamarketing.digital\\\/ca\\\/inici\\\/\"},{\"@type\":\"ListItem\",\"position\":2,\"name\":\"Eric Onidi, assessor acreditat al nou cup\u00f3 d&#8217;ACCI\u00d3 &#8220;Estrat\u00e8gia d&#8217;Exportaci\u00f3&#8221;\"}]},{\"@type\":\"WebSite\",\"@id\":\"https:\\\/\\\/estrategiamarketing.digital\\\/ca\\\/#website\",\"url\":\"https:\\\/\\\/estrategiamarketing.digital\\\/ca\\\/\",\"name\":\"EMD - Estrategia de Marketing Digital\",\"description\":\"Agencia - consultoria en marketing digital\",\"publisher\":{\"@id\":\"https:\\\/\\\/estrategiamarketing.digital\\\/ca\\\/#organization\"},\"alternateName\":\"EMD\",\"potentialAction\":[{\"@type\":\"SearchAction\",\"target\":{\"@type\":\"EntryPoint\",\"urlTemplate\":\"https:\\\/\\\/estrategiamarketing.digital\\\/ca\\\/?s={search_term_string}\"},\"query-input\":{\"@type\":\"PropertyValueSpecification\",\"valueRequired\":true,\"valueName\":\"search_term_string\"}}],\"inLanguage\":\"ca\"},{\"@type\":\"Organization\",\"@id\":\"https:\\\/\\\/estrategiamarketing.digital\\\/ca\\\/#organization\",\"name\":\"EMD\",\"url\":\"https:\\\/\\\/estrategiamarketing.digital\\\/ca\\\/\",\"logo\":{\"@type\":\"ImageObject\",\"inLanguage\":\"ca\",\"@id\":\"https:\\\/\\\/estrategiamarketing.digital\\\/ca\\\/#\\\/schema\\\/logo\\\/image\\\/\",\"url\":\"https:\\\/\\\/estrategiamarketing.digital\\\/wp-content\\\/uploads\\\/2020\\\/08\\\/isologo-EMD-circulo.png\",\"contentUrl\":\"https:\\\/\\\/estrategiamarketing.digital\\\/wp-content\\\/uploads\\\/2020\\\/08\\\/isologo-EMD-circulo.png\",\"width\":600,\"height\":600,\"caption\":\"EMD\"},\"image\":{\"@id\":\"https:\\\/\\\/estrategiamarketing.digital\\\/ca\\\/#\\\/schema\\\/logo\\\/image\\\/\"},\"sameAs\":[\"https:\\\/\\\/www.instagram.com\\\/emd_marketing_\\\/\",\"https:\\\/\\\/www.linkedin.com\\\/company\\\/emd-estrategia-de-marketing-digital\\\/\",\"https:\\\/\\\/www.youtube.com\\\/channel\\\/UC97GH4Y2URvuVyWYqSMkxWA\"]},{\"@type\":\"Person\",\"@id\":\"https:\\\/\\\/estrategiamarketing.digital\\\/ca\\\/#\\\/schema\\\/person\\\/76bdf622c02886140dad052bbea658d2\",\"name\":\"Sara Parr\u00f3n\",\"image\":{\"@type\":\"ImageObject\",\"inLanguage\":\"ca\",\"@id\":\"https:\\\/\\\/secure.gravatar.com\\\/avatar\\\/ba0c2340f03cc2c47162ead89c165ef965986e9d324654c06ed725673f1cef7c?s=96&d=mm&r=g\",\"url\":\"https:\\\/\\\/secure.gravatar.com\\\/avatar\\\/ba0c2340f03cc2c47162ead89c165ef965986e9d324654c06ed725673f1cef7c?s=96&d=mm&r=g\",\"contentUrl\":\"https:\\\/\\\/secure.gravatar.com\\\/avatar\\\/ba0c2340f03cc2c47162ead89c165ef965986e9d324654c06ed725673f1cef7c?s=96&d=mm&r=g\",\"caption\":\"Sara Parr\u00f3n\"},\"url\":\"https:\\\/\\\/estrategiamarketing.digital\\\/ca\\\/author\\\/sara\\\/\"}]}<\/script>\n<!-- \/ Yoast SEO plugin. -->","yoast_head_json":{"title":"Eric Onidi, assessor acreditat al nou cup\u00f3 d'ACCI\u00d3 \"Estrat\u00e8gia d'Exportaci\u00f3\" - EMD - Estrategia de Marketing Digital","description":"Eric Onidi, ha estat acreditat com a assessor d'ACCI\u00d3 a la nova categoria \"Estrat\u00e8gia d'Exportaci\u00f3\" per a la internacionalitzaci\u00f3.","robots":{"index":"index","follow":"follow","max-snippet":"max-snippet:-1","max-image-preview":"max-image-preview:large","max-video-preview":"max-video-preview:-1"},"canonical":"https:\/\/estrategiamarketing.digital\/ca\/eric-onidi-assessor-acreditat-al-nou-cupo-daccio-estrategia-dexportacio\/","og_locale":"ca_ES","og_type":"article","og_title":"Eric Onidi, assessor acreditat al nou cup\u00f3 d'ACCI\u00d3 \"Estrat\u00e8gia d'Exportaci\u00f3\" - EMD - Estrategia de Marketing Digital","og_description":"Eric Onidi, ha estat acreditat com a assessor d'ACCI\u00d3 a la nova categoria \"Estrat\u00e8gia d'Exportaci\u00f3\" per a la internacionalitzaci\u00f3.","og_url":"https:\/\/estrategiamarketing.digital\/ca\/eric-onidi-assessor-acreditat-al-nou-cupo-daccio-estrategia-dexportacio\/","og_site_name":"EMD - Estrategia de Marketing Digital","article_published_time":"2025-03-25T17:52:40+00:00","article_modified_time":"2025-04-29T14:38:34+00:00","og_image":[{"width":1920,"height":1280,"url":"https:\/\/estrategiamarketing.digital\/wp-content\/uploads\/2021\/04\/accio-header_1.jpg","type":"image\/jpeg"}],"author":"Sara Parr\u00f3n","twitter_card":"summary_large_image","twitter_misc":{"Escrit per":"Sara Parr\u00f3n","Temps estimat de lectura":"2 minuts"},"schema":{"@context":"https:\/\/schema.org","@graph":[{"@type":"Article","@id":"https:\/\/estrategiamarketing.digital\/ca\/eric-onidi-assessor-acreditat-al-nou-cupo-daccio-estrategia-dexportacio\/#article","isPartOf":{"@id":"https:\/\/estrategiamarketing.digital\/ca\/eric-onidi-assessor-acreditat-al-nou-cupo-daccio-estrategia-dexportacio\/"},"author":{"name":"Sara Parr\u00f3n","@id":"https:\/\/estrategiamarketing.digital\/ca\/#\/schema\/person\/76bdf622c02886140dad052bbea658d2"},"headline":"Eric Onidi, assessor acreditat al nou cup\u00f3 d&#8217;ACCI\u00d3 &#8220;Estrat\u00e8gia d&#8217;Exportaci\u00f3\"","datePublished":"2025-03-25T17:52:40+00:00","dateModified":"2025-04-29T14:38:34+00:00","mainEntityOfPage":{"@id":"https:\/\/estrategiamarketing.digital\/ca\/eric-onidi-assessor-acreditat-al-nou-cupo-daccio-estrategia-dexportacio\/"},"wordCount":319,"commentCount":0,"publisher":{"@id":"https:\/\/estrategiamarketing.digital\/ca\/#organization"},"image":{"@id":"https:\/\/estrategiamarketing.digital\/ca\/eric-onidi-assessor-acreditat-al-nou-cupo-daccio-estrategia-dexportacio\/#primaryimage"},"thumbnailUrl":"https:\/\/estrategiamarketing.digital\/wp-content\/uploads\/2021\/04\/accio-header_1.jpg","keywords":["Cupons ACCI\u00d3","estrat\u00e8gia","internacionalitzaci\u00f3","m\u00e0rqueting"],"articleSection":{"1":"Subvencions"},"inLanguage":"ca","potentialAction":[{"@type":"CommentAction","name":"Comment","target":["https:\/\/estrategiamarketing.digital\/ca\/eric-onidi-assessor-acreditat-al-nou-cupo-daccio-estrategia-dexportacio\/#respond"]}]},{"@type":"WebPage","@id":"https:\/\/estrategiamarketing.digital\/ca\/eric-onidi-assessor-acreditat-al-nou-cupo-daccio-estrategia-dexportacio\/","url":"https:\/\/estrategiamarketing.digital\/ca\/eric-onidi-assessor-acreditat-al-nou-cupo-daccio-estrategia-dexportacio\/","name":"Eric Onidi, assessor acreditat al nou cup\u00f3 d'ACCI\u00d3 \"Estrat\u00e8gia d'Exportaci\u00f3\" - EMD - Estrategia de Marketing Digital","isPartOf":{"@id":"https:\/\/estrategiamarketing.digital\/ca\/#website"},"primaryImageOfPage":{"@id":"https:\/\/estrategiamarketing.digital\/ca\/eric-onidi-assessor-acreditat-al-nou-cupo-daccio-estrategia-dexportacio\/#primaryimage"},"image":{"@id":"https:\/\/estrategiamarketing.digital\/ca\/eric-onidi-assessor-acreditat-al-nou-cupo-daccio-estrategia-dexportacio\/#primaryimage"},"thumbnailUrl":"https:\/\/estrategiamarketing.digital\/wp-content\/uploads\/2021\/04\/accio-header_1.jpg","datePublished":"2025-03-25T17:52:40+00:00","dateModified":"2025-04-29T14:38:34+00:00","description":"Eric Onidi, ha estat acreditat com a assessor d'ACCI\u00d3 a la nova categoria \"Estrat\u00e8gia d'Exportaci\u00f3\" per a la internacionalitzaci\u00f3.","breadcrumb":{"@id":"https:\/\/estrategiamarketing.digital\/ca\/eric-onidi-assessor-acreditat-al-nou-cupo-daccio-estrategia-dexportacio\/#breadcrumb"},"inLanguage":"ca","potentialAction":[{"@type":"ReadAction","target":["https:\/\/estrategiamarketing.digital\/ca\/eric-onidi-assessor-acreditat-al-nou-cupo-daccio-estrategia-dexportacio\/"]}]},{"@type":"ImageObject","inLanguage":"ca","@id":"https:\/\/estrategiamarketing.digital\/ca\/eric-onidi-assessor-acreditat-al-nou-cupo-daccio-estrategia-dexportacio\/#primaryimage","url":"https:\/\/estrategiamarketing.digital\/wp-content\/uploads\/2021\/04\/accio-header_1.jpg","contentUrl":"https:\/\/estrategiamarketing.digital\/wp-content\/uploads\/2021\/04\/accio-header_1.jpg","width":1920,"height":1280,"caption":"Eric Onidi, asesor de acci\u00f3"},{"@type":"BreadcrumbList","@id":"https:\/\/estrategiamarketing.digital\/ca\/eric-onidi-assessor-acreditat-al-nou-cupo-daccio-estrategia-dexportacio\/#breadcrumb","itemListElement":[{"@type":"ListItem","position":1,"name":"Portada","item":"https:\/\/estrategiamarketing.digital\/ca\/inici\/"},{"@type":"ListItem","position":2,"name":"Eric Onidi, assessor acreditat al nou cup\u00f3 d&#8217;ACCI\u00d3 &#8220;Estrat\u00e8gia d&#8217;Exportaci\u00f3&#8221;"}]},{"@type":"WebSite","@id":"https:\/\/estrategiamarketing.digital\/ca\/#website","url":"https:\/\/estrategiamarketing.digital\/ca\/","name":"EMD - Estrategia de Marketing Digital","description":"Agencia - consultoria en marketing digital","publisher":{"@id":"https:\/\/estrategiamarketing.digital\/ca\/#organization"},"alternateName":"EMD","potentialAction":[{"@type":"SearchAction","target":{"@type":"EntryPoint","urlTemplate":"https:\/\/estrategiamarketing.digital\/ca\/?s={search_term_string}"},"query-input":{"@type":"PropertyValueSpecification","valueRequired":true,"valueName":"search_term_string"}}],"inLanguage":"ca"},{"@type":"Organization","@id":"https:\/\/estrategiamarketing.digital\/ca\/#organization","name":"EMD","url":"https:\/\/estrategiamarketing.digital\/ca\/","logo":{"@type":"ImageObject","inLanguage":"ca","@id":"https:\/\/estrategiamarketing.digital\/ca\/#\/schema\/logo\/image\/","url":"https:\/\/estrategiamarketing.digital\/wp-content\/uploads\/2020\/08\/isologo-EMD-circulo.png","contentUrl":"https:\/\/estrategiamarketing.digital\/wp-content\/uploads\/2020\/08\/isologo-EMD-circulo.png","width":600,"height":600,"caption":"EMD"},"image":{"@id":"https:\/\/estrategiamarketing.digital\/ca\/#\/schema\/logo\/image\/"},"sameAs":["https:\/\/www.instagram.com\/emd_marketing_\/","https:\/\/www.linkedin.com\/company\/emd-estrategia-de-marketing-digital\/","https:\/\/www.youtube.com\/channel\/UC97GH4Y2URvuVyWYqSMkxWA"]},{"@type":"Person","@id":"https:\/\/estrategiamarketing.digital\/ca\/#\/schema\/person\/76bdf622c02886140dad052bbea658d2","name":"Sara Parr\u00f3n","image":{"@type":"ImageObject","inLanguage":"ca","@id":"https:\/\/secure.gravatar.com\/avatar\/ba0c2340f03cc2c47162ead89c165ef965986e9d324654c06ed725673f1cef7c?s=96&d=mm&r=g","url":"https:\/\/secure.gravatar.com\/avatar\/ba0c2340f03cc2c47162ead89c165ef965986e9d324654c06ed725673f1cef7c?s=96&d=mm&r=g","contentUrl":"https:\/\/secure.gravatar.com\/avatar\/ba0c2340f03cc2c47162ead89c165ef965986e9d324654c06ed725673f1cef7c?s=96&d=mm&r=g","caption":"Sara Parr\u00f3n"},"url":"https:\/\/estrategiamarketing.digital\/ca\/author\/sara\/"}]}},"_links":{"self":[{"href":"https:\/\/estrategiamarketing.digital\/ca\/wp-json\/wp\/v2\/posts\/8393","targetHints":{"allow":["GET"]}}],"collection":[{"href":"https:\/\/estrategiamarketing.digital\/ca\/wp-json\/wp\/v2\/posts"}],"about":[{"href":"https:\/\/estrategiamarketing.digital\/ca\/wp-json\/wp\/v2\/types\/post"}],"author":[{"embeddable":true,"href":"https:\/\/estrategiamarketing.digital\/ca\/wp-json\/wp\/v2\/users\/10"}],"replies":[{"embeddable":true,"href":"https:\/\/estrategiamarketing.digital\/ca\/wp-json\/wp\/v2\/comments?post=8393"}],"version-history":[{"count":0,"href":"https:\/\/estrategiamarketing.digital\/ca\/wp-json\/wp\/v2\/posts\/8393\/revisions"}],"wp:featuredmedia":[{"embeddable":true,"href":"https:\/\/estrategiamarketing.digital\/ca\/wp-json\/wp\/v2\/media\/8011"}],"wp:attachment":[{"href":"https:\/\/estrategiamarketing.digital\/ca\/wp-json\/wp\/v2\/media?parent=8393"}],"wp:term":[{"taxonomy":"category","embeddable":true,"href":"https:\/\/estrategiamarketing.digital\/ca\/wp-json\/wp\/v2\/categories?post=8393"},{"taxonomy":"post_tag","embeddable":true,"href":"https:\/\/estrategiamarketing.digital\/ca\/wp-json\/wp\/v2\/tags?post=8393"}],"curies":[{"name":"wp","href":"https:\/\/api.w.org\/{rel}","templated":true}]}}