{"id":9088,"date":"2025-08-13T09:05:00","date_gmt":"2025-08-13T07:05:00","guid":{"rendered":"https:\/\/estrategiamarketing.digital\/el-metode-demd-estrategia-de-marqueting-digital-per-internacionalitzar-la-teva-empresa\/"},"modified":"2025-10-15T13:46:32","modified_gmt":"2025-10-15T11:46:32","slug":"el-metode-demd-estrategia-de-marqueting-digital-per-internacionalitzar-la-teva-empresa","status":"publish","type":"post","link":"https:\/\/estrategiamarketing.digital\/ca\/el-metode-demd-estrategia-de-marqueting-digital-per-internacionalitzar-la-teva-empresa\/","title":{"rendered":"El m\u00e8tode d&#8217;EMD \u2013 Estrat\u00e8gia de M\u00e0rqueting Digital per internacionalitzar la teva empresa"},"content":{"rendered":"\n<p>En un mercat cada cop m\u00e9s competitiu, <strong>internacionalitzar-se ja no \u00e9s una opci\u00f3: \u00e9s una necessitat <\/strong>per a les empreses que busquen diversificar ingressos, reduir riscos i expandir-ne el creixement. Les empreses que prenen la decisi\u00f3 d&#8217;internacionalitzar-se s&#8217;enfronten a un repte com\u00fa: <strong>per on comen\u00e7ar, com assegurar resultats i amb quins recursos fer-ho?<\/strong> <\/p>\n\n<p>A <strong>EMD \u2013 Estrat\u00e8gia Marketing Digital,<\/strong> portem anys acompanyant empreses en el proc\u00e9s d&#8217;internacionalitzaci\u00f3, combinant <strong>estrat\u00e8gia, m\u00e0rqueting digital i acc\u00e9s a programes de finan\u00e7ament p\u00fablic. <\/strong>La nostra metodologia est\u00e0 dissenyada per guiar-te en tot el recorregut, des del diagn\u00f2stic inicial fins a l&#8217;execuci\u00f3 als mercats internacionals. \u00c9s per aix\u00f2 que hem preparat aquest article per con\u00e8ixer m\u00e9s sobre la Internacionalitzaci\u00f3 i com des d <strong>EMD \u2013 Estrat\u00e8gia de M\u00e0rqueting Digital<\/strong> et podem ajudar.  <\/p>\n\n<h3 class=\"wp-block-heading\"><strong>1. Per qu\u00e8 \u00e9s important la internacionalitzaci\u00f3 al m\u00f3n actual?<\/strong><\/h3>\n\n<p>En un entorn globalitzat, la internacionalitzaci\u00f3 permet a les empreses:<\/p>\n\n<ul class=\"wp-block-list\">\n<li>Tenir m\u00e9s resili\u00e8ncia davant de crisis locals a les empreses que exporten o obren filials.<\/li>\n\n\n\n<li>Accedir a nous clients i socis estrat\u00e8gics.<\/li>\n\n\n\n<li>Afavoreix l&#8217;optimitzaci\u00f3 de costos i la diversificaci\u00f3 d&#8217;ingressos, mitigant riscos.<\/li>\n\n\n\n<li>Millorar l&#8217;efici\u00e8ncia operativa, diversificar riscos i enfortir la imatge de marca. <\/li>\n<\/ul>\n\n<h3 class=\"wp-block-heading\"><strong>2. Quins s\u00f3n els avantatges de la internacionalitzaci\u00f3?<\/strong><\/h3>\n\n<ul class=\"wp-block-list\">\n<li>Diversificaci\u00f3: Redueix la depend\u00e8ncia d\u00b4un \u00fanic mercat i estabilitza ingressos.<\/li>\n\n\n\n<li>Creixement accelerat: Acc\u00e9s a mercats amb m\u00e9s demanda i poder adquisitiu.<\/li>\n\n\n\n<li>Competitivitat global: Millora processos i est\u00e0ndards per competir internacionalment.<\/li>\n\n\n\n<li>Innovaci\u00f3: Contacte amb noves tecnologies, tend\u00e8ncies i socis.<\/li>\n\n\n\n<li>Rendibilitat a llarg termini: Optimitza marges i genera economies d&#8217;escala.<\/li>\n<\/ul>\n\n<p><strong>Internacionalitzar la teva empresa \u00e9s una decisi\u00f3 estrat\u00e8gica molt important, i les dades ho confirmen.<\/strong> Segons el Banc Mundial, les companyies que operen en mercats internacionals creixen fins a un 60% m\u00e9s r\u00e0pid que les que es limiten al mercat dom\u00e8stic. Aquesta difer\u00e8ncia significativa en el ritme de creixement no \u00e9s casual: respon diversos factors clau. <\/p>\n\n<p>En primer lloc, accedir a nous mercats permet diversificar fonts d&#8217;ingr\u00e9s i reduir la depend\u00e8ncia del mercat local, cosa que protegeix l&#8217;empresa davant de crisis econ\u00f2miques nacionals o canvis reguladors inesperats. A m\u00e9s, la internacionalitzaci\u00f3 obre oportunitats per escalar operacions, aprofitar economies d&#8217;escala i accedir a una base de clients m\u00e9s \u00e0mplia <\/p>\n\n<p>D&#8217;altra banda, en competir en mercats globals, les empreses solen accelerar la seva corba d&#8217;aprenentatge, adoptant millors pr\u00e0ctiques, innovant amb m\u00e9s rapidesa i elevant els est\u00e0ndards de qualitat per mantenir-se competitives. Tot aix\u00f2 es tradueix en una organitzaci\u00f3 m\u00e9s din\u00e0mica, resilient i preparada pel llarg termini. <\/p>\n\n<h3 class=\"wp-block-heading\"><strong>3. Quina \u00e9s la metodologia per definir i implementar l&#8217;estrat\u00e8gia d&#8217;Internacionalitzaci\u00f3 que oferim a EMD?<\/strong> <\/h3>\n\n<p>A <strong>EMD \u2013 Estrat\u00e8gia Marketing Digital,<\/strong> guiem les empreses a trav\u00e9s de quatre fases essencials per internacionalitzar-se amb \u00e8xit:<\/p>\n\n<h4 class=\"wp-block-heading\"><strong>Fase 1. An\u00e0lisi interna <\/strong><\/h4>\n\n<p>Abans de mirar cap a l&#8217;exterior, \u00e9s fonamental entendre la situaci\u00f3 actual de l&#8217;empresa des de dins<\/p>\n\n<p>En aquesta primera fase:<\/p>\n\n<ul class=\"wp-block-list\">\n<li><strong>Revisem els teus productes i serveis <\/strong>per determinar quins s\u00f3n aptes per internacionalitzar i si requereixen adaptaci\u00f3 (idioma, certificacions, embalatge, suport, etc.).<br\/><\/li>\n\n\n\n<li><strong>Avaluem els canals de venda actuals,<\/strong> tant digitals com f\u00edsics, per veure si s\u00f3n escalables o s&#8217;han de redissenyar per funcionar a altres mercats.<br\/><\/li>\n\n\n\n<li>Analitzem la teva <strong>proposta de valor,<\/strong> identificant all\u00f2 que et fa diferent i com comunicar-ho efica\u00e7ment a p\u00fablics internacionals.<br\/><\/li>\n\n\n\n<li>Estudiem les vostres <strong>capacitats internes:<\/strong> equip, recursos, coneixements digitals, log\u00edstica i operativa per detectar punts forts i \u00e0rees a refor\u00e7ar.<\/li>\n<\/ul>\n\n<p>\ud83d\udc49 Resultat: Obtens una visi\u00f3 clara del teu punt de partida i qu\u00e8 necessites refor\u00e7ar abans de sortir a l&#8217;exterior.<\/p>\n\n<h4 class=\"wp-block-heading\"><strong>Fase 2. An\u00e0lisi externa <\/strong><\/h4>\n\n<p>Ara s\u00ed, analitzem els mercats dest\u00ed i l&#8217;entorn competitiu en qu\u00e8 et mour\u00e0s.<\/p>\n\n<p>Aqu\u00ed treballem a:<\/p>\n\n<ul class=\"wp-block-list\">\n<li>Identificaci\u00f3 de t<strong>end\u00e8ncies sectorials<\/strong>, normatives clau i comportaments de compra als pa\u00efsos objectiu.<br\/><\/li>\n\n\n\n<li>Estudi detallat de c<strong>ompetidors clau internacionals:<\/strong> qu\u00e8 fan, com comuniquen, quins canals usen i quina quota de mercat tenen.<br\/><\/li>\n\n\n\n<li>Identificaci\u00f3 de <strong>mercats amb m\u00e9s potencial,<\/strong> amb criteris clars (demanda, facilitat d&#8217;entrada, digitalitzaci\u00f3 del comprador, cultura, log\u00edstica\u2026).<br\/><\/li>\n\n\n\n<li>Detecci\u00f3 d&#8217;<strong>oportunitats en l\u00ednia i offline:<\/strong> marketplaces rellevants, fires, xarxes de distribuci\u00f3, socis locals, etc.<br\/><\/li>\n\n\n\n<li>Elaboraci\u00f3n de un <strong>an\u00e1lisis DAFO y CAME internacional<\/strong>, cruzando tus capacidades internas con el entorno para definir una estrategia robusta.<\/li>\n<\/ul>\n\n<p>\ud83d\udc49 Resultat: Entens on t\u00e9 sentit competir, amb qui i com fer-ho de forma intel\u00b7ligent.<\/p>\n\n<h4 class=\"wp-block-heading\"><strong>Fase 3. Estrat\u00e8gia internacional i pla dacci\u00f3 <\/strong><\/h4>\n\n<p>Aqu\u00ed \u00e9s on definim el com: tradu\u00efm les an\u00e0lisis en un full de ruta clar, viable i efica\u00e7.<\/p>\n\n<p>Treballem sobre:<\/p>\n\n<ul class=\"wp-block-list\">\n<li>Disseny del <strong>model de negoci internacional<\/strong> i possibles adaptacions del producte\/servei.<br\/><\/li>\n\n\n\n<li>Definici\u00f3 del <strong>model de comercialitzaci\u00f3<\/strong> : canals d&#8217;entrada (distribu\u00efdors, venda directa, e-commerce, joint venture), combinant accions en l\u00ednia i presencials.<br\/><\/li>\n\n\n\n<li>Identificaci\u00f3 del teu <strong>buyer persona internacional<\/strong> : perfil del client ideal a cada mercat, els seus h\u00e0bits, necessitats, pors i motivacions.<br\/><\/li>\n\n\n\n<li>Establiment d&#8217; <strong>objectius SMART i KPI per pa\u00eds i canal<\/strong> .<br\/><\/li>\n\n\n\n<li>Assignaci\u00f3 de <strong>recursos interns i externs<\/strong> , calendari, eines i pressupost.<br\/><\/li>\n\n\n\n<li>Elaboraci\u00f3 del <strong>pla d&#8217;acci\u00f3 per mercat<\/strong> , amb fites concretes, responsables i seq\u00fc\u00e8ncia d&#8217;implementaci\u00f3.<\/li>\n<\/ul>\n\n<p>\ud83d\udc49 Resultat: disposeu d&#8217;una estrat\u00e8gia viable i accionable, amb focus i recursos definits.<\/p>\n\n<h4 class=\"wp-block-heading\"><strong>Fase 4. Implementaci\u00f3 <\/strong><\/h4>\n\n<p>El valor m\u00e9s gran del m\u00e8tode EMD \u00e9s que <strong>no ens quedem en el paper: acompanyem l&#8217;execuci\u00f3 real<\/strong> .<\/p>\n\n<p>En aquesta fase:<\/p>\n\n<ul class=\"wp-block-list\">\n<li>Coordinem i\/o executem accions definides: disseny web multiling\u00fce, campanyes a Google\/LinkedIn Ads, continguts localitzats, automatitzacions, contacte amb socis, etc.<br\/><\/li>\n\n\n\n<li>Establim un sistema de <strong>mesurament continu<\/strong> : panell de KPIs, informes peri\u00f2dics i avaluaci\u00f3 d&#8217;aven\u00e7os per pa\u00eds i canal.<br\/><\/li>\n\n\n\n<li>Apliquem millores constants: optimitzem campanyes, adaptem missatges, redirigim recursos i corregim desviaments estrat\u00e8gics o t\u00e0ctics.<br\/><\/li>\n\n\n\n<li>T&#8217;acompanyem en tot moment, actuant com <strong>a soci estrat\u00e8gic de la teva expansi\u00f3 internacional<\/strong> .<\/li>\n<\/ul>\n\n<p>\ud83d\udc49 Resultat: una estrat\u00e8gia que s&#8217;executa, es mesura i es millora, amb focus en resultats reals.<\/p>\n\n<h3 class=\"wp-block-heading\"><strong>4. Com et podem ajudar?<\/strong><\/h3>\n\n<p>A <strong>EMD \u2013 Estrat\u00e8gia de M\u00e0rqueting Digital t&#8217;ajudem<\/strong> a:<\/p>\n\n<ul class=\"wp-block-list\">\n<li><strong>Identificaci\u00f3 d&#8217;oportunitats de negoci a mercats internacionals:<\/strong> Analitzem tend\u00e8ncies, dades sectorials i projeccions de creixement per detectar pa\u00efsos i n\u00ednxols de mercat amb alt potencial de demanda per als teus productes o serveis.<br\/><\/li>\n\n\n\n<li><strong>Desenvolupament d\u201fun pla de promoci\u00f3 internacional personalitzat:<\/strong> Elaborem un pla detallat que inclou an\u00e0lisis de l\u201fentorn competitiu, tend\u00e8ncies de consum, marc legal i regulatori, possibles barreres d\u201fentrada, canals de distribuci\u00f3 adequats i estimacions d\u201finversi\u00f3 i retorn.<br\/><\/li>\n\n\n\n<li><strong>Estrat\u00e8gia a mida per a cada pa\u00eds:<\/strong> Dissenyem i executem estrat\u00e8gies espec\u00edfiques, adaptades a les particularitats culturals, comercials i log\u00edstiques de cada mercat dest\u00ed, assegurant un posicionament efica\u00e7 i sostenible.<br\/><\/li>\n\n\n\n<li><strong>Acc\u00e9s a finan\u00e7ament i programes de suport:<\/strong> T&#8217;ajudem a identificar i accedir a subvencions p\u00fabliques, programes d&#8217;internacionalitzaci\u00f3 i altres instruments de finan\u00e7ament disponibles a nivell nacional ia Catalunya.<br\/><\/li>\n\n\n\n<li><strong>Assessoria per evitar errors estrat\u00e8gics:<\/strong> T&#8217;acompanyem en cada etapa del proc\u00e9s per minimitzar riscos i evitar errors freq\u00fcents que es poden traduir en sobrecostos, retards o p\u00e8rdua d&#8217;oportunitats clau.<\/li>\n<\/ul>\n\n<h3 class=\"wp-block-heading\"><strong>Conclusi\u00f3<\/strong><\/h3>\n\n<p>La internacionalitzaci\u00f3 \u00e9s una palanca de creixement imprescindible per a qualsevol empresa amb ambici\u00f3 de futur. Amb una metodologia estructurada i suport expert, <strong>no nom\u00e9s \u00e9s viable, sin\u00f3 rendible i sostenible<\/strong> . <\/p>\n\n<p>A <strong>EMD \u2013 Estrat\u00e8gia de M\u00e0rqueting Digital<\/strong> , no nom\u00e9s dissenyem l&#8217;estrat\u00e8gia, sin\u00f3 que <strong>l&#8217;executem amb tu<\/strong> , aprofitant ajuts com els Cupons de consultoria i les subvencions d&#8217;implementaci\u00f3 de projectes internacionals d&#8217;ACCI\u00d3<\/p>\n\n<p>\ud83d\udce9 <strong>Connectem i parlem sobre com (re)definir la teva estrat\u00e8gia internacional.<\/strong><\/p>\n\n<p><\/p>\n","protected":false},"excerpt":{"rendered":"<p>En un mercat cada cop m\u00e9s competitiu, internacionalitzar-se ja no \u00e9s una opci\u00f3: \u00e9s una necessitat per a les empreses que busquen diversificar ingressos, reduir riscos i expandir-ne el creixement. Les empreses que prenen la decisi\u00f3 d&#8217;internacionalitzar-se s&#8217;enfronten a un repte com\u00fa: per on comen\u00e7ar, com assegurar resultats i amb quins recursos fer-ho? A EMD [&hellip;]<\/p>\n","protected":false},"author":12,"featured_media":9000,"comment_status":"open","ping_status":"open","sticky":false,"template":"","format":"standard","meta":{"_joinchat":[],"footnotes":""},"categories":[227,131],"tags":[],"class_list":["post-9088","post","type-post","status-publish","format-standard","has-post-thumbnail","hentry","category-internacionalitzacio","category-sense-categoria"],"yoast_head":"<!-- This site is optimized with the Yoast SEO plugin v27.5 - https:\/\/yoast.com\/product\/yoast-seo-wordpress\/ -->\n<title>El m\u00e9todo de EMD para internacionalizar tu empresa- EMD - Estrategia de Marketing Digital<\/title>\n<meta name=\"description\" content=\"El m\u00e8tode d&#039;EMD per internacionalitzar la teva empresa, per qu\u00e8 \u00e9s important, avantatges, metodologia per implementar i com podem ajudar\" \/>\n<meta name=\"robots\" content=\"index, follow, max-snippet:-1, max-image-preview:large, max-video-preview:-1\" \/>\n<link rel=\"canonical\" href=\"https:\/\/estrategiamarketing.digital\/ca\/el-metode-demd-estrategia-de-marqueting-digital-per-internacionalitzar-la-teva-empresa\/\" \/>\n<meta property=\"og:locale\" content=\"ca_ES\" \/>\n<meta property=\"og:type\" content=\"article\" \/>\n<meta property=\"og:title\" content=\"El m\u00e9todo de EMD para internacionalizar tu empresa- EMD - Estrategia de Marketing Digital\" \/>\n<meta property=\"og:description\" content=\"El m\u00e8tode d&#039;EMD per internacionalitzar la teva empresa, per qu\u00e8 \u00e9s important, avantatges, metodologia per implementar i com podem ajudar\" \/>\n<meta property=\"og:url\" content=\"https:\/\/estrategiamarketing.digital\/ca\/el-metode-demd-estrategia-de-marqueting-digital-per-internacionalitzar-la-teva-empresa\/\" \/>\n<meta property=\"og:site_name\" content=\"EMD - Estrategia de Marketing Digital\" \/>\n<meta property=\"article:published_time\" content=\"2025-08-13T07:05:00+00:00\" \/>\n<meta property=\"article:modified_time\" content=\"2025-10-15T11:46:32+00:00\" \/>\n<meta property=\"og:image\" content=\"https:\/\/estrategiamarketing.digital\/wp-content\/uploads\/2025\/08\/metodo-emd-para-internacionalizarse.webp\" \/>\n\t<meta property=\"og:image:width\" content=\"1536\" \/>\n\t<meta property=\"og:image:height\" content=\"1024\" \/>\n\t<meta property=\"og:image:type\" content=\"image\/webp\" \/>\n<meta name=\"author\" content=\"Equipo EMD\" \/>\n<meta name=\"twitter:card\" content=\"summary_large_image\" \/>\n<meta name=\"twitter:label1\" content=\"Escrit per\" \/>\n\t<meta name=\"twitter:data1\" content=\"Equipo EMD\" \/>\n\t<meta name=\"twitter:label2\" content=\"Temps estimat de lectura\" \/>\n\t<meta name=\"twitter:data2\" content=\"6 minuts\" \/>\n<script type=\"application\/ld+json\" class=\"yoast-schema-graph\">{\"@context\":\"https:\\\/\\\/schema.org\",\"@graph\":[{\"@type\":\"Article\",\"@id\":\"https:\\\/\\\/estrategiamarketing.digital\\\/ca\\\/el-metode-demd-estrategia-de-marqueting-digital-per-internacionalitzar-la-teva-empresa\\\/#article\",\"isPartOf\":{\"@id\":\"https:\\\/\\\/estrategiamarketing.digital\\\/ca\\\/el-metode-demd-estrategia-de-marqueting-digital-per-internacionalitzar-la-teva-empresa\\\/\"},\"author\":{\"name\":\"Equipo EMD\",\"@id\":\"https:\\\/\\\/estrategiamarketing.digital\\\/ca\\\/#\\\/schema\\\/person\\\/67f83b72eac16e8a6782465c40cd40fd\"},\"headline\":\"El m\u00e8tode d&#8217;EMD \u2013 Estrat\u00e8gia de M\u00e0rqueting Digital per internacionalitzar la teva empresa\",\"datePublished\":\"2025-08-13T07:05:00+00:00\",\"dateModified\":\"2025-10-15T11:46:32+00:00\",\"mainEntityOfPage\":{\"@id\":\"https:\\\/\\\/estrategiamarketing.digital\\\/ca\\\/el-metode-demd-estrategia-de-marqueting-digital-per-internacionalitzar-la-teva-empresa\\\/\"},\"wordCount\":1271,\"commentCount\":0,\"publisher\":{\"@id\":\"https:\\\/\\\/estrategiamarketing.digital\\\/ca\\\/#organization\"},\"image\":{\"@id\":\"https:\\\/\\\/estrategiamarketing.digital\\\/ca\\\/el-metode-demd-estrategia-de-marqueting-digital-per-internacionalitzar-la-teva-empresa\\\/#primaryimage\"},\"thumbnailUrl\":\"https:\\\/\\\/estrategiamarketing.digital\\\/wp-content\\\/uploads\\\/2025\\\/08\\\/metodo-emd-para-internacionalizarse.webp\",\"articleSection\":[\"Internacionalitzaci\u00f3\"],\"inLanguage\":\"ca\",\"potentialAction\":[{\"@type\":\"CommentAction\",\"name\":\"Comment\",\"target\":[\"https:\\\/\\\/estrategiamarketing.digital\\\/ca\\\/el-metode-demd-estrategia-de-marqueting-digital-per-internacionalitzar-la-teva-empresa\\\/#respond\"]}]},{\"@type\":\"WebPage\",\"@id\":\"https:\\\/\\\/estrategiamarketing.digital\\\/ca\\\/el-metode-demd-estrategia-de-marqueting-digital-per-internacionalitzar-la-teva-empresa\\\/\",\"url\":\"https:\\\/\\\/estrategiamarketing.digital\\\/ca\\\/el-metode-demd-estrategia-de-marqueting-digital-per-internacionalitzar-la-teva-empresa\\\/\",\"name\":\"El m\u00e9todo de EMD para internacionalizar tu empresa- EMD - Estrategia de Marketing Digital\",\"isPartOf\":{\"@id\":\"https:\\\/\\\/estrategiamarketing.digital\\\/ca\\\/#website\"},\"primaryImageOfPage\":{\"@id\":\"https:\\\/\\\/estrategiamarketing.digital\\\/ca\\\/el-metode-demd-estrategia-de-marqueting-digital-per-internacionalitzar-la-teva-empresa\\\/#primaryimage\"},\"image\":{\"@id\":\"https:\\\/\\\/estrategiamarketing.digital\\\/ca\\\/el-metode-demd-estrategia-de-marqueting-digital-per-internacionalitzar-la-teva-empresa\\\/#primaryimage\"},\"thumbnailUrl\":\"https:\\\/\\\/estrategiamarketing.digital\\\/wp-content\\\/uploads\\\/2025\\\/08\\\/metodo-emd-para-internacionalizarse.webp\",\"datePublished\":\"2025-08-13T07:05:00+00:00\",\"dateModified\":\"2025-10-15T11:46:32+00:00\",\"description\":\"El m\u00e8tode d'EMD per internacionalitzar la teva empresa, per qu\u00e8 \u00e9s important, avantatges, metodologia per implementar i com podem ajudar\",\"breadcrumb\":{\"@id\":\"https:\\\/\\\/estrategiamarketing.digital\\\/ca\\\/el-metode-demd-estrategia-de-marqueting-digital-per-internacionalitzar-la-teva-empresa\\\/#breadcrumb\"},\"inLanguage\":\"ca\",\"potentialAction\":[{\"@type\":\"ReadAction\",\"target\":[\"https:\\\/\\\/estrategiamarketing.digital\\\/ca\\\/el-metode-demd-estrategia-de-marqueting-digital-per-internacionalitzar-la-teva-empresa\\\/\"]}]},{\"@type\":\"ImageObject\",\"inLanguage\":\"ca\",\"@id\":\"https:\\\/\\\/estrategiamarketing.digital\\\/ca\\\/el-metode-demd-estrategia-de-marqueting-digital-per-internacionalitzar-la-teva-empresa\\\/#primaryimage\",\"url\":\"https:\\\/\\\/estrategiamarketing.digital\\\/wp-content\\\/uploads\\\/2025\\\/08\\\/metodo-emd-para-internacionalizarse.webp\",\"contentUrl\":\"https:\\\/\\\/estrategiamarketing.digital\\\/wp-content\\\/uploads\\\/2025\\\/08\\\/metodo-emd-para-internacionalizarse.webp\",\"width\":1536,\"height\":1024,\"caption\":\"El m\u00e9todo de EMD para internacionalizar tu empresa\"},{\"@type\":\"BreadcrumbList\",\"@id\":\"https:\\\/\\\/estrategiamarketing.digital\\\/ca\\\/el-metode-demd-estrategia-de-marqueting-digital-per-internacionalitzar-la-teva-empresa\\\/#breadcrumb\",\"itemListElement\":[{\"@type\":\"ListItem\",\"position\":1,\"name\":\"Portada\",\"item\":\"https:\\\/\\\/estrategiamarketing.digital\\\/ca\\\/inici\\\/\"},{\"@type\":\"ListItem\",\"position\":2,\"name\":\"El m\u00e8tode d&#8217;EMD \u2013 Estrat\u00e8gia de M\u00e0rqueting Digital per internacionalitzar la teva empresa\"}]},{\"@type\":\"WebSite\",\"@id\":\"https:\\\/\\\/estrategiamarketing.digital\\\/ca\\\/#website\",\"url\":\"https:\\\/\\\/estrategiamarketing.digital\\\/ca\\\/\",\"name\":\"EMD - Estrategia de Marketing Digital\",\"description\":\"Agencia - consultoria en marketing digital\",\"publisher\":{\"@id\":\"https:\\\/\\\/estrategiamarketing.digital\\\/ca\\\/#organization\"},\"alternateName\":\"EMD\",\"potentialAction\":[{\"@type\":\"SearchAction\",\"target\":{\"@type\":\"EntryPoint\",\"urlTemplate\":\"https:\\\/\\\/estrategiamarketing.digital\\\/ca\\\/?s={search_term_string}\"},\"query-input\":{\"@type\":\"PropertyValueSpecification\",\"valueRequired\":true,\"valueName\":\"search_term_string\"}}],\"inLanguage\":\"ca\"},{\"@type\":\"Organization\",\"@id\":\"https:\\\/\\\/estrategiamarketing.digital\\\/ca\\\/#organization\",\"name\":\"EMD\",\"url\":\"https:\\\/\\\/estrategiamarketing.digital\\\/ca\\\/\",\"logo\":{\"@type\":\"ImageObject\",\"inLanguage\":\"ca\",\"@id\":\"https:\\\/\\\/estrategiamarketing.digital\\\/ca\\\/#\\\/schema\\\/logo\\\/image\\\/\",\"url\":\"https:\\\/\\\/estrategiamarketing.digital\\\/wp-content\\\/uploads\\\/2020\\\/08\\\/isologo-EMD-circulo.png\",\"contentUrl\":\"https:\\\/\\\/estrategiamarketing.digital\\\/wp-content\\\/uploads\\\/2020\\\/08\\\/isologo-EMD-circulo.png\",\"width\":600,\"height\":600,\"caption\":\"EMD\"},\"image\":{\"@id\":\"https:\\\/\\\/estrategiamarketing.digital\\\/ca\\\/#\\\/schema\\\/logo\\\/image\\\/\"},\"sameAs\":[\"https:\\\/\\\/www.instagram.com\\\/emd_marketing_\\\/\",\"https:\\\/\\\/www.linkedin.com\\\/company\\\/emd-estrategia-de-marketing-digital\\\/\",\"https:\\\/\\\/www.youtube.com\\\/channel\\\/UC97GH4Y2URvuVyWYqSMkxWA\"]},{\"@type\":\"Person\",\"@id\":\"https:\\\/\\\/estrategiamarketing.digital\\\/ca\\\/#\\\/schema\\\/person\\\/67f83b72eac16e8a6782465c40cd40fd\",\"name\":\"Equipo EMD\",\"image\":{\"@type\":\"ImageObject\",\"inLanguage\":\"ca\",\"@id\":\"https:\\\/\\\/secure.gravatar.com\\\/avatar\\\/a76b37caac985cbb28e6dc967b1624a0dfb1eb33adaa9dd522bb7fe6d339b859?s=96&d=mm&r=g\",\"url\":\"https:\\\/\\\/secure.gravatar.com\\\/avatar\\\/a76b37caac985cbb28e6dc967b1624a0dfb1eb33adaa9dd522bb7fe6d339b859?s=96&d=mm&r=g\",\"contentUrl\":\"https:\\\/\\\/secure.gravatar.com\\\/avatar\\\/a76b37caac985cbb28e6dc967b1624a0dfb1eb33adaa9dd522bb7fe6d339b859?s=96&d=mm&r=g\",\"caption\":\"Equipo EMD\"},\"url\":\"https:\\\/\\\/estrategiamarketing.digital\\\/ca\\\/author\\\/admin\\\/\"}]}<\/script>\n<!-- \/ Yoast SEO plugin. -->","yoast_head_json":{"title":"El m\u00e9todo de EMD para internacionalizar tu empresa- EMD - Estrategia de Marketing Digital","description":"El m\u00e8tode d'EMD per internacionalitzar la teva empresa, per qu\u00e8 \u00e9s important, avantatges, metodologia per implementar i com podem ajudar","robots":{"index":"index","follow":"follow","max-snippet":"max-snippet:-1","max-image-preview":"max-image-preview:large","max-video-preview":"max-video-preview:-1"},"canonical":"https:\/\/estrategiamarketing.digital\/ca\/el-metode-demd-estrategia-de-marqueting-digital-per-internacionalitzar-la-teva-empresa\/","og_locale":"ca_ES","og_type":"article","og_title":"El m\u00e9todo de EMD para internacionalizar tu empresa- EMD - Estrategia de Marketing Digital","og_description":"El m\u00e8tode d'EMD per internacionalitzar la teva empresa, per qu\u00e8 \u00e9s important, avantatges, metodologia per implementar i com podem ajudar","og_url":"https:\/\/estrategiamarketing.digital\/ca\/el-metode-demd-estrategia-de-marqueting-digital-per-internacionalitzar-la-teva-empresa\/","og_site_name":"EMD - Estrategia de Marketing Digital","article_published_time":"2025-08-13T07:05:00+00:00","article_modified_time":"2025-10-15T11:46:32+00:00","og_image":[{"width":1536,"height":1024,"url":"https:\/\/estrategiamarketing.digital\/wp-content\/uploads\/2025\/08\/metodo-emd-para-internacionalizarse.webp","type":"image\/webp"}],"author":"Equipo EMD","twitter_card":"summary_large_image","twitter_misc":{"Escrit per":"Equipo EMD","Temps estimat de lectura":"6 minuts"},"schema":{"@context":"https:\/\/schema.org","@graph":[{"@type":"Article","@id":"https:\/\/estrategiamarketing.digital\/ca\/el-metode-demd-estrategia-de-marqueting-digital-per-internacionalitzar-la-teva-empresa\/#article","isPartOf":{"@id":"https:\/\/estrategiamarketing.digital\/ca\/el-metode-demd-estrategia-de-marqueting-digital-per-internacionalitzar-la-teva-empresa\/"},"author":{"name":"Equipo EMD","@id":"https:\/\/estrategiamarketing.digital\/ca\/#\/schema\/person\/67f83b72eac16e8a6782465c40cd40fd"},"headline":"El m\u00e8tode d&#8217;EMD \u2013 Estrat\u00e8gia de M\u00e0rqueting Digital per internacionalitzar la teva empresa","datePublished":"2025-08-13T07:05:00+00:00","dateModified":"2025-10-15T11:46:32+00:00","mainEntityOfPage":{"@id":"https:\/\/estrategiamarketing.digital\/ca\/el-metode-demd-estrategia-de-marqueting-digital-per-internacionalitzar-la-teva-empresa\/"},"wordCount":1271,"commentCount":0,"publisher":{"@id":"https:\/\/estrategiamarketing.digital\/ca\/#organization"},"image":{"@id":"https:\/\/estrategiamarketing.digital\/ca\/el-metode-demd-estrategia-de-marqueting-digital-per-internacionalitzar-la-teva-empresa\/#primaryimage"},"thumbnailUrl":"https:\/\/estrategiamarketing.digital\/wp-content\/uploads\/2025\/08\/metodo-emd-para-internacionalizarse.webp","articleSection":["Internacionalitzaci\u00f3"],"inLanguage":"ca","potentialAction":[{"@type":"CommentAction","name":"Comment","target":["https:\/\/estrategiamarketing.digital\/ca\/el-metode-demd-estrategia-de-marqueting-digital-per-internacionalitzar-la-teva-empresa\/#respond"]}]},{"@type":"WebPage","@id":"https:\/\/estrategiamarketing.digital\/ca\/el-metode-demd-estrategia-de-marqueting-digital-per-internacionalitzar-la-teva-empresa\/","url":"https:\/\/estrategiamarketing.digital\/ca\/el-metode-demd-estrategia-de-marqueting-digital-per-internacionalitzar-la-teva-empresa\/","name":"El m\u00e9todo de EMD para internacionalizar tu empresa- EMD - Estrategia de Marketing Digital","isPartOf":{"@id":"https:\/\/estrategiamarketing.digital\/ca\/#website"},"primaryImageOfPage":{"@id":"https:\/\/estrategiamarketing.digital\/ca\/el-metode-demd-estrategia-de-marqueting-digital-per-internacionalitzar-la-teva-empresa\/#primaryimage"},"image":{"@id":"https:\/\/estrategiamarketing.digital\/ca\/el-metode-demd-estrategia-de-marqueting-digital-per-internacionalitzar-la-teva-empresa\/#primaryimage"},"thumbnailUrl":"https:\/\/estrategiamarketing.digital\/wp-content\/uploads\/2025\/08\/metodo-emd-para-internacionalizarse.webp","datePublished":"2025-08-13T07:05:00+00:00","dateModified":"2025-10-15T11:46:32+00:00","description":"El m\u00e8tode d'EMD per internacionalitzar la teva empresa, per qu\u00e8 \u00e9s important, avantatges, metodologia per implementar i com podem ajudar","breadcrumb":{"@id":"https:\/\/estrategiamarketing.digital\/ca\/el-metode-demd-estrategia-de-marqueting-digital-per-internacionalitzar-la-teva-empresa\/#breadcrumb"},"inLanguage":"ca","potentialAction":[{"@type":"ReadAction","target":["https:\/\/estrategiamarketing.digital\/ca\/el-metode-demd-estrategia-de-marqueting-digital-per-internacionalitzar-la-teva-empresa\/"]}]},{"@type":"ImageObject","inLanguage":"ca","@id":"https:\/\/estrategiamarketing.digital\/ca\/el-metode-demd-estrategia-de-marqueting-digital-per-internacionalitzar-la-teva-empresa\/#primaryimage","url":"https:\/\/estrategiamarketing.digital\/wp-content\/uploads\/2025\/08\/metodo-emd-para-internacionalizarse.webp","contentUrl":"https:\/\/estrategiamarketing.digital\/wp-content\/uploads\/2025\/08\/metodo-emd-para-internacionalizarse.webp","width":1536,"height":1024,"caption":"El m\u00e9todo de EMD para internacionalizar tu empresa"},{"@type":"BreadcrumbList","@id":"https:\/\/estrategiamarketing.digital\/ca\/el-metode-demd-estrategia-de-marqueting-digital-per-internacionalitzar-la-teva-empresa\/#breadcrumb","itemListElement":[{"@type":"ListItem","position":1,"name":"Portada","item":"https:\/\/estrategiamarketing.digital\/ca\/inici\/"},{"@type":"ListItem","position":2,"name":"El m\u00e8tode d&#8217;EMD \u2013 Estrat\u00e8gia de M\u00e0rqueting Digital per internacionalitzar la teva empresa"}]},{"@type":"WebSite","@id":"https:\/\/estrategiamarketing.digital\/ca\/#website","url":"https:\/\/estrategiamarketing.digital\/ca\/","name":"EMD - Estrategia de Marketing Digital","description":"Agencia - consultoria en marketing digital","publisher":{"@id":"https:\/\/estrategiamarketing.digital\/ca\/#organization"},"alternateName":"EMD","potentialAction":[{"@type":"SearchAction","target":{"@type":"EntryPoint","urlTemplate":"https:\/\/estrategiamarketing.digital\/ca\/?s={search_term_string}"},"query-input":{"@type":"PropertyValueSpecification","valueRequired":true,"valueName":"search_term_string"}}],"inLanguage":"ca"},{"@type":"Organization","@id":"https:\/\/estrategiamarketing.digital\/ca\/#organization","name":"EMD","url":"https:\/\/estrategiamarketing.digital\/ca\/","logo":{"@type":"ImageObject","inLanguage":"ca","@id":"https:\/\/estrategiamarketing.digital\/ca\/#\/schema\/logo\/image\/","url":"https:\/\/estrategiamarketing.digital\/wp-content\/uploads\/2020\/08\/isologo-EMD-circulo.png","contentUrl":"https:\/\/estrategiamarketing.digital\/wp-content\/uploads\/2020\/08\/isologo-EMD-circulo.png","width":600,"height":600,"caption":"EMD"},"image":{"@id":"https:\/\/estrategiamarketing.digital\/ca\/#\/schema\/logo\/image\/"},"sameAs":["https:\/\/www.instagram.com\/emd_marketing_\/","https:\/\/www.linkedin.com\/company\/emd-estrategia-de-marketing-digital\/","https:\/\/www.youtube.com\/channel\/UC97GH4Y2URvuVyWYqSMkxWA"]},{"@type":"Person","@id":"https:\/\/estrategiamarketing.digital\/ca\/#\/schema\/person\/67f83b72eac16e8a6782465c40cd40fd","name":"Equipo EMD","image":{"@type":"ImageObject","inLanguage":"ca","@id":"https:\/\/secure.gravatar.com\/avatar\/a76b37caac985cbb28e6dc967b1624a0dfb1eb33adaa9dd522bb7fe6d339b859?s=96&d=mm&r=g","url":"https:\/\/secure.gravatar.com\/avatar\/a76b37caac985cbb28e6dc967b1624a0dfb1eb33adaa9dd522bb7fe6d339b859?s=96&d=mm&r=g","contentUrl":"https:\/\/secure.gravatar.com\/avatar\/a76b37caac985cbb28e6dc967b1624a0dfb1eb33adaa9dd522bb7fe6d339b859?s=96&d=mm&r=g","caption":"Equipo EMD"},"url":"https:\/\/estrategiamarketing.digital\/ca\/author\/admin\/"}]}},"_links":{"self":[{"href":"https:\/\/estrategiamarketing.digital\/ca\/wp-json\/wp\/v2\/posts\/9088","targetHints":{"allow":["GET"]}}],"collection":[{"href":"https:\/\/estrategiamarketing.digital\/ca\/wp-json\/wp\/v2\/posts"}],"about":[{"href":"https:\/\/estrategiamarketing.digital\/ca\/wp-json\/wp\/v2\/types\/post"}],"author":[{"embeddable":true,"href":"https:\/\/estrategiamarketing.digital\/ca\/wp-json\/wp\/v2\/users\/12"}],"replies":[{"embeddable":true,"href":"https:\/\/estrategiamarketing.digital\/ca\/wp-json\/wp\/v2\/comments?post=9088"}],"version-history":[{"count":1,"href":"https:\/\/estrategiamarketing.digital\/ca\/wp-json\/wp\/v2\/posts\/9088\/revisions"}],"predecessor-version":[{"id":9089,"href":"https:\/\/estrategiamarketing.digital\/ca\/wp-json\/wp\/v2\/posts\/9088\/revisions\/9089"}],"wp:featuredmedia":[{"embeddable":true,"href":"https:\/\/estrategiamarketing.digital\/ca\/wp-json\/wp\/v2\/media\/9000"}],"wp:attachment":[{"href":"https:\/\/estrategiamarketing.digital\/ca\/wp-json\/wp\/v2\/media?parent=9088"}],"wp:term":[{"taxonomy":"category","embeddable":true,"href":"https:\/\/estrategiamarketing.digital\/ca\/wp-json\/wp\/v2\/categories?post=9088"},{"taxonomy":"post_tag","embeddable":true,"href":"https:\/\/estrategiamarketing.digital\/ca\/wp-json\/wp\/v2\/tags?post=9088"}],"curies":[{"name":"wp","href":"https:\/\/api.w.org\/{rel}","templated":true}]}}