{"id":9437,"date":"2026-03-18T10:00:00","date_gmt":"2026-03-18T08:00:00","guid":{"rendered":"https:\/\/estrategiamarketing.digital\/catalunya-exporta-limpuls-estrategic-que-les-empreses-necessiten-per-fer-el-salt-internacional\/"},"modified":"2026-03-18T10:08:46","modified_gmt":"2026-03-18T08:08:46","slug":"catalunya-exporta-limpuls-estrategic-que-les-empreses-necessiten-per-fer-el-salt-internacional","status":"publish","type":"post","link":"https:\/\/estrategiamarketing.digital\/ca\/catalunya-exporta-limpuls-estrategic-que-les-empreses-necessiten-per-fer-el-salt-internacional\/","title":{"rendered":"Catalunya Exporta: l&#8217;impuls estrat\u00e8gic que les empreses necessiten per fer el salt internacional"},"content":{"rendered":"\n<p>Internacionalitzar ja no \u00e9s una opci\u00f3 reservada a grans corporacions. Avui, les empreses catalanes tenen m\u00e9s eines, m\u00e9s coneixement i m\u00e9s suport institucional que mai per comen\u00e7ar a exportar amb <strong>m\u00e8tode, estrat\u00e8gia i acompanyament expert<\/strong> . En aquest context, el programa <strong>Catalunya Exporta<\/strong> , impulsat per ACCI\u00d3, es consolida com una de les iniciatives m\u00e9s rellevants per a aquelles empreses que volen iniciar o desenvolupar el seu cam\u00ed cap als mercats internacionals amb bases s\u00f2lides.  <\/p>\n\n<p>Segons dades oficials d&#8217;ACCI\u00d3, de cada 10 empreses exportadores espor\u00e0diques, nom\u00e9s 4 segueixen exportant el segon any. Davant d&#8217;aquesta realitat, l&#8217;objectiu de <strong>Catalunya Exporta<\/strong> \u00e9s ajudar les empreses que s&#8217;inicien a l&#8217;exportaci\u00f3 durant el segon i tercer any per consolidar-les com a futures exportadores regulars. Aquesta fase \u00e9s cr\u00edtica, ja que moltes companyies abandonen la internacionalitzaci\u00f3 per manca destrat\u00e8gia, planificaci\u00f3 o acompanyament adequat.  <\/p>\n\n<p>  Font: <a href=\"https:\/\/enviaments.accio.gencat.cat\/ACC1O\/cat\/docs\/enviaments\/docs\/ACCIO-20260216-presentacio-catalunya-exporta.pdf\">Presentaci\u00f3 del programa \u201cCatalunya Exporta\u201d (document.PDF)<\/a><\/p>\n\n<h2 class=\"wp-block-heading\"><strong>Qu\u00e8 \u00e9s Catalunya Exporta i per qu\u00e8 \u00e9s clau per a la teva empresa?<\/strong><\/h2>\n\n<p><strong>Catalunya Exporta<\/strong> \u00e9s un programa d&#8217;acompanyament estrat\u00e8gic del Govern de la Generalitat de Catalunya adre\u00e7at a empreses catalanes que volen comen\u00e7ar a exportar o estructurar millor el proc\u00e9s d&#8217;internacionalitzaci\u00f3. No es tracta nom\u00e9s de rebre informaci\u00f3, sin\u00f3 de treballar de manera <strong>pr\u00e0ctica i estrat\u00e8gica<\/strong> aspectes fonamentals com: <\/p>\n\n<ul class=\"wp-block-list\">\n<li>Lan\u00e0lisi de la capacitat exportadora de lempresa.<\/li>\n\n\n\n<li>La selecci\u00f3 de mercats objectiu.<\/li>\n\n\n\n<li>Definir un pla d&#8217;acci\u00f3 internacional.<\/li>\n\n\n\n<li>La validaci\u00f3 de la proposta de valor en entorns internacionals.<\/li>\n<\/ul>\n\n<p>El programa combina formaci\u00f3 especialitzada i assessorament expert, permetent que les empreses no nom\u00e9s entenguin el proc\u00e9s d&#8217;exportaci\u00f3, sin\u00f3 que ho implementin amb un full de ruta clar i realista.<\/p>\n\n<p><\/p>\n\n<h2 class=\"wp-block-heading\"><strong>Un moment clau: preparaci\u00f3 estrat\u00e8gica abans dels cupons<\/strong><\/h2>\n\n<p>Aquesta \u00e9s una <strong>oportunitat estrat\u00e8gica<\/strong> que moltes empreses esperen per activar projectes d&#8217;internacionalitzaci\u00f3, consultoria o validaci\u00f3 de mercats. Tot i aix\u00f2, l&#8217;error m\u00e9s com\u00fa \u00e9s comen\u00e7ar a preparar-se quan la convocat\u00f2ria ja est\u00e0 oberta. <\/p>\n\n<p>\u00c9s important explicar qu\u00e8 s\u00f3n els cupons. Es tracta d&#8217;ajuts impulsats per la <strong>Generalitat de Catalunya mitjan\u00e7ant ACCI\u00d3<\/strong> que permeten a les empreses accedir a assessorament especialitzat per avan\u00e7ar en el proc\u00e9s d&#8217;internacionalitzaci\u00f3. A trav\u00e9s d&#8217;aquests ajuts, les companyies poden obtenir una an\u00e0lisi profunda de mercats objectiu, definir una estrat\u00e8gia clara i desenvolupar un pla d&#8217;acci\u00f3 concret per penetrar o enfortir la seva pres\u00e8ncia en mercats internacionals, reduir riscos i optimitzar recursos en les fases inicials d&#8217;expansi\u00f3.  <\/p>\n\n<p>Les empreses que realment aprofiten aquests instruments s\u00f3n les que treballen pr\u00e8viament el seu diagn\u00f2stic, defineixen objectius i estructuren el pla internacional. Quan el cup\u00f3 arriba, ja tenen clar qu\u00e8 necessiten i com executar-lo. A m\u00e9s, aquest any els cupons arribaran ben aviat (abril o maig), per la qual cosa \u00e9s fonamental preparar-se com m\u00e9s aviat millor.  <\/p>\n\n<p><\/p>\n\n<h2 class=\"wp-block-heading\"><strong>Internacionalitzar amb estrat\u00e8gia, no per intu\u00efci\u00f3<\/strong><\/h2>\n\n<p><strong>Catalunya Exporta<\/strong> no \u00e9s nom\u00e9s un programa formatiu; \u00e9s un marc estructurat per professionalitzar la internacionalitzaci\u00f3 de les pimes catalanes. En un entorn global cada cop m\u00e9s competitiu, exportar sense estrat\u00e8gia suposa assumir riscos innecessaris. <\/p>\n\n<p>La combinaci\u00f3 d&#8217;acompanyament expert, eines de validaci\u00f3 digital i preparaci\u00f3 anticipada per aprofitar instruments com ara els cupons pot marcar la difer\u00e8ncia entre una expansi\u00f3 improvisada i una expansi\u00f3 sostenible.<\/p>\n\n<p>A EMD creiem fermament que la internacionalitzaci\u00f3 s&#8217;ha d&#8217;abordar amb visi\u00f3 estrat\u00e8gica, an\u00e0lisi de dades i una proposta clara de valor adaptada a cada mercat. <strong>Catalunya Exporta<\/strong> \u00e9s el punt de partida ideal per fer-ho b\u00e9 des del principi.<\/p>\n\n<p>Si vols m\u00e9s informaci\u00f3 sobre els Cupons d&#8217;estrat\u00e8gia d&#8217;Exportaci\u00f3 2026 d&#8217;ACCI\u00d3, <a href=\"https:\/\/estrategiamarketing.digital\/wp-content\/uploads\/2026\/03\/Cupon-Estrategia-Exportacio-Accio-2026.pdf\" target=\"_blank\" rel=\"noreferrer noopener\">Descarrega la informaci\u00f3 completa en format pdf<\/a><\/p>\n\n<p>El moment de preparar-se ara \u00e9s.<\/p>\n\n<p><\/p>\n\n<h2 class=\"wp-block-heading\"><strong>Webinar Catalunya Exporta: M\u00e0rqueting Digital, la manera m\u00e9s econ\u00f2mica de validar mercats<\/strong><\/h2>\n\n<p>Un dels reptes m\u00e9s grans en iniciar l&#8217;exportaci\u00f3 \u00e9s validar si hi ha demanda real en un nou pa\u00eds sense assumir grans costos comercials. Aqu\u00ed \u00e9s on el m\u00e0rqueting digital es converteix en una eina estrat\u00e8gica. <\/p>\n\n<p>A trav\u00e9s de campanyes segmentades, an\u00e0lisi de comportament, test de missatges i validaci\u00f3 d&#8217;inter\u00e8s, \u00e9s possible avaluar el potencial d&#8217;un mercat abans de fer inversions estructurals m\u00e9s complexes. Aquesta metodologia permet identificar <strong>mercats amb potencial<\/strong> i prendre decisions basades en dades, no pas en intu\u00efcions. <\/p>\n\n<p>En col\u00b7laboraci\u00f3 amb SECARTYS, Eric Onidi, fundador d&#8217;EMD, impartir\u00e0 el proper 25 de mar\u00e7 el webinar: <strong>\u201cCatalunya Exporta \u2013 M\u00e0rqueting Digital: la manera m\u00e9s econ\u00f2mica de validar mercats\u201d<\/strong><\/p>\n\n<p>En aquesta sessi\u00f3 s&#8217;abordar\u00e0 com utilitzar el m\u00e0rqueting digital com a eina estrat\u00e8gica per a:<\/p>\n\n<ul class=\"wp-block-list\">\n<li>Testar nous mercats internacionals amb risc baix.<\/li>\n\n\n\n<li>Mesureu la demanda real abans d&#8217;invertir en estructura comercial.<\/li>\n\n\n\n<li>Optimitzar recursos a les fases inicials d&#8217;exportaci\u00f3.<\/li>\n\n\n\n<li>Integrar l&#8217;estrat\u00e8gia digital al pla d&#8217;internacionalitzaci\u00f3.<\/li>\n<\/ul>\n\n<p>Ser\u00e0 una sessi\u00f3 pr\u00e0ctica, orientada a pimes que volen prendre decisions internacionals amb criteri i metodologia.<\/p>\n\n<p>A EMD recomanem anticipar-se: analitzar mercats, revisar l&#8217;estrat\u00e8gia digital internacional i preparar el terreny perqu\u00e8 la inversi\u00f3 tingui el m\u00e0xim retorn. Per aix\u00f2, convidem totes les empreses interessades a comen\u00e7ar a exportar o optimitzar la seva expansi\u00f3 internacional a inscriure&#8217;s i participar a l&#8217;esdeveniment. <\/p>\n\n<p>\ud83d\udc49 Inscripci\u00f3 a trav\u00e9s dels seg\u00fcents enlla\u00e7os:<br\/> 1. <a href=\"https:\/\/agenda.accio.gencat.cat\/cercador\/-\/actes\/2026\/03\/25\/2044823\/catalunya-exporta-marqueting-digital-la-manera-mes-economica-de-validar-mercats?backToSearch=\/cercador\/-\/actes\/cercador\/s20022026\/i569\">https:\/\/agenda.accio.gencat.cat\/cercador\/-\/actes\/2026\/03\/25\/2044823\/catalunya-exporta-marqueting-digital-la-manera-mes-economica-de-validar-mercats?backToSearch=\/cercador\/-\/actes\/cer22<br\/><\/a><\/p>\n\n<p>2. <a href=\"https:\/\/areasocio.secartys.org\/events\/marketing-digital-la-manera-mas-economica-de-validar-mercados\/\">https:\/\/areasocio.secartys.org\/events\/marketing-digital-la-manera-mas-economica-de-validar-mercados\/<\/a><\/p>\n\n<p>Des d&#8217;EMD donem suport a les empreses en la <strong>definici\u00f3 i execuci\u00f3<\/strong> de la seva estrat\u00e8gia d&#8217;internacionalitzaci\u00f3, facilitant l&#8217;acc\u00e9s als mercats m\u00e9s adequats i enfortint el desenvolupament exportador a llarg termini.<\/p>\n\n<p>\ud83d\uddd3\ufe0f Reserva directament una reuni\u00f3 en l\u00ednia <a href=\"https:\/\/calendly.com\/eric-onidi\/30min\" target=\"_blank\" rel=\"noreferrer noopener\">AQU\u00cd<\/a><br\/> \ud83d\udce7 Envia <a href=\"https:\/\/estrategiamarketing.digital\/ca\/contacta-amb-nosaltres\/\" target=\"_blank\" rel=\"noreferrer noopener\">formulari<\/a><\/p>\n\n<p><\/p>\n\n<p><\/p>\n","protected":false},"excerpt":{"rendered":"<p>Internacionalitzar ja no \u00e9s una opci\u00f3 reservada a grans corporacions. Avui, les empreses catalanes tenen m\u00e9s eines, m\u00e9s coneixement i m\u00e9s suport institucional que mai per comen\u00e7ar a exportar amb m\u00e8tode, estrat\u00e8gia i acompanyament expert . En aquest context, el programa Catalunya Exporta , impulsat per ACCI\u00d3, es consolida com una de les iniciatives m\u00e9s [&hellip;]<\/p>\n","protected":false},"author":12,"featured_media":9434,"comment_status":"open","ping_status":"open","sticky":false,"template":"","format":"standard","meta":{"_joinchat":[],"footnotes":""},"categories":[227],"tags":[],"class_list":["post-9437","post","type-post","status-publish","format-standard","has-post-thumbnail","hentry","category-internacionalitzacio"],"yoast_head":"<!-- This site is optimized with the Yoast SEO plugin v27.5 - https:\/\/yoast.com\/product\/yoast-seo-wordpress\/ -->\n<title>Catalunya Exporta: Internacionalitza la teva empresa amb estrat\u00e8gia<\/title>\n<meta name=\"description\" content=\"Descobreix com Catalunya Exporta ajuda les empreses a internacionalitzar-se amb estrat\u00e8gia, validaci\u00f3 de mercats i suport expert.\" \/>\n<meta name=\"robots\" content=\"index, follow, max-snippet:-1, max-image-preview:large, max-video-preview:-1\" \/>\n<link rel=\"canonical\" href=\"https:\/\/estrategiamarketing.digital\/ca\/catalunya-exporta-limpuls-estrategic-que-les-empreses-necessiten-per-fer-el-salt-internacional\/\" \/>\n<meta property=\"og:locale\" content=\"ca_ES\" \/>\n<meta property=\"og:type\" content=\"article\" \/>\n<meta property=\"og:title\" content=\"Catalunya Exporta: Internacionalitza la teva empresa amb estrat\u00e8gia\" \/>\n<meta property=\"og:description\" content=\"Descobreix com Catalunya Exporta ajuda les empreses a internacionalitzar-se amb estrat\u00e8gia, validaci\u00f3 de mercats i suport expert.\" \/>\n<meta property=\"og:url\" content=\"https:\/\/estrategiamarketing.digital\/ca\/catalunya-exporta-limpuls-estrategic-que-les-empreses-necessiten-per-fer-el-salt-internacional\/\" \/>\n<meta property=\"og:site_name\" content=\"EMD - Estrategia de Marketing Digital\" \/>\n<meta property=\"article:published_time\" content=\"2026-03-18T08:00:00+00:00\" \/>\n<meta property=\"article:modified_time\" content=\"2026-03-18T08:08:46+00:00\" \/>\n<meta property=\"og:image\" content=\"https:\/\/estrategiamarketing.digital\/wp-content\/uploads\/2026\/03\/catalunya-exporta.webp\" \/>\n\t<meta property=\"og:image:width\" content=\"1266\" \/>\n\t<meta property=\"og:image:height\" content=\"756\" \/>\n\t<meta property=\"og:image:type\" content=\"image\/webp\" \/>\n<meta name=\"author\" content=\"Equipo EMD\" \/>\n<meta name=\"twitter:card\" content=\"summary_large_image\" \/>\n<meta name=\"twitter:label1\" content=\"Escrit per\" \/>\n\t<meta name=\"twitter:data1\" content=\"Equipo EMD\" \/>\n\t<meta name=\"twitter:label2\" content=\"Temps estimat de lectura\" \/>\n\t<meta name=\"twitter:data2\" content=\"5 minuts\" \/>\n<script type=\"application\/ld+json\" class=\"yoast-schema-graph\">{\"@context\":\"https:\\\/\\\/schema.org\",\"@graph\":[{\"@type\":\"Article\",\"@id\":\"https:\\\/\\\/estrategiamarketing.digital\\\/ca\\\/catalunya-exporta-limpuls-estrategic-que-les-empreses-necessiten-per-fer-el-salt-internacional\\\/#article\",\"isPartOf\":{\"@id\":\"https:\\\/\\\/estrategiamarketing.digital\\\/ca\\\/catalunya-exporta-limpuls-estrategic-que-les-empreses-necessiten-per-fer-el-salt-internacional\\\/\"},\"author\":{\"name\":\"Equipo EMD\",\"@id\":\"https:\\\/\\\/estrategiamarketing.digital\\\/ca\\\/#\\\/schema\\\/person\\\/67f83b72eac16e8a6782465c40cd40fd\"},\"headline\":\"Catalunya Exporta: l&#8217;impuls estrat\u00e8gic que les empreses necessiten per fer el salt internacional\",\"datePublished\":\"2026-03-18T08:00:00+00:00\",\"dateModified\":\"2026-03-18T08:08:46+00:00\",\"mainEntityOfPage\":{\"@id\":\"https:\\\/\\\/estrategiamarketing.digital\\\/ca\\\/catalunya-exporta-limpuls-estrategic-que-les-empreses-necessiten-per-fer-el-salt-internacional\\\/\"},\"wordCount\":952,\"commentCount\":0,\"publisher\":{\"@id\":\"https:\\\/\\\/estrategiamarketing.digital\\\/ca\\\/#organization\"},\"image\":{\"@id\":\"https:\\\/\\\/estrategiamarketing.digital\\\/ca\\\/catalunya-exporta-limpuls-estrategic-que-les-empreses-necessiten-per-fer-el-salt-internacional\\\/#primaryimage\"},\"thumbnailUrl\":\"https:\\\/\\\/estrategiamarketing.digital\\\/wp-content\\\/uploads\\\/2026\\\/03\\\/catalunya-exporta.webp\",\"articleSection\":[\"Internacionalitzaci\u00f3\"],\"inLanguage\":\"ca\",\"potentialAction\":[{\"@type\":\"CommentAction\",\"name\":\"Comment\",\"target\":[\"https:\\\/\\\/estrategiamarketing.digital\\\/ca\\\/catalunya-exporta-limpuls-estrategic-que-les-empreses-necessiten-per-fer-el-salt-internacional\\\/#respond\"]}]},{\"@type\":\"WebPage\",\"@id\":\"https:\\\/\\\/estrategiamarketing.digital\\\/ca\\\/catalunya-exporta-limpuls-estrategic-que-les-empreses-necessiten-per-fer-el-salt-internacional\\\/\",\"url\":\"https:\\\/\\\/estrategiamarketing.digital\\\/ca\\\/catalunya-exporta-limpuls-estrategic-que-les-empreses-necessiten-per-fer-el-salt-internacional\\\/\",\"name\":\"Catalunya Exporta: Internacionalitza la teva empresa amb estrat\u00e8gia\",\"isPartOf\":{\"@id\":\"https:\\\/\\\/estrategiamarketing.digital\\\/ca\\\/#website\"},\"primaryImageOfPage\":{\"@id\":\"https:\\\/\\\/estrategiamarketing.digital\\\/ca\\\/catalunya-exporta-limpuls-estrategic-que-les-empreses-necessiten-per-fer-el-salt-internacional\\\/#primaryimage\"},\"image\":{\"@id\":\"https:\\\/\\\/estrategiamarketing.digital\\\/ca\\\/catalunya-exporta-limpuls-estrategic-que-les-empreses-necessiten-per-fer-el-salt-internacional\\\/#primaryimage\"},\"thumbnailUrl\":\"https:\\\/\\\/estrategiamarketing.digital\\\/wp-content\\\/uploads\\\/2026\\\/03\\\/catalunya-exporta.webp\",\"datePublished\":\"2026-03-18T08:00:00+00:00\",\"dateModified\":\"2026-03-18T08:08:46+00:00\",\"description\":\"Descobreix com Catalunya Exporta ajuda les empreses a internacionalitzar-se amb estrat\u00e8gia, validaci\u00f3 de mercats i suport expert.\",\"breadcrumb\":{\"@id\":\"https:\\\/\\\/estrategiamarketing.digital\\\/ca\\\/catalunya-exporta-limpuls-estrategic-que-les-empreses-necessiten-per-fer-el-salt-internacional\\\/#breadcrumb\"},\"inLanguage\":\"ca\",\"potentialAction\":[{\"@type\":\"ReadAction\",\"target\":[\"https:\\\/\\\/estrategiamarketing.digital\\\/ca\\\/catalunya-exporta-limpuls-estrategic-que-les-empreses-necessiten-per-fer-el-salt-internacional\\\/\"]}]},{\"@type\":\"ImageObject\",\"inLanguage\":\"ca\",\"@id\":\"https:\\\/\\\/estrategiamarketing.digital\\\/ca\\\/catalunya-exporta-limpuls-estrategic-que-les-empreses-necessiten-per-fer-el-salt-internacional\\\/#primaryimage\",\"url\":\"https:\\\/\\\/estrategiamarketing.digital\\\/wp-content\\\/uploads\\\/2026\\\/03\\\/catalunya-exporta.webp\",\"contentUrl\":\"https:\\\/\\\/estrategiamarketing.digital\\\/wp-content\\\/uploads\\\/2026\\\/03\\\/catalunya-exporta.webp\",\"width\":1266,\"height\":756},{\"@type\":\"BreadcrumbList\",\"@id\":\"https:\\\/\\\/estrategiamarketing.digital\\\/ca\\\/catalunya-exporta-limpuls-estrategic-que-les-empreses-necessiten-per-fer-el-salt-internacional\\\/#breadcrumb\",\"itemListElement\":[{\"@type\":\"ListItem\",\"position\":1,\"name\":\"Portada\",\"item\":\"https:\\\/\\\/estrategiamarketing.digital\\\/ca\\\/inici\\\/\"},{\"@type\":\"ListItem\",\"position\":2,\"name\":\"Catalunya Exporta: l&#8217;impuls estrat\u00e8gic que les empreses necessiten per fer el salt internacional\"}]},{\"@type\":\"WebSite\",\"@id\":\"https:\\\/\\\/estrategiamarketing.digital\\\/ca\\\/#website\",\"url\":\"https:\\\/\\\/estrategiamarketing.digital\\\/ca\\\/\",\"name\":\"EMD - Estrategia de Marketing Digital\",\"description\":\"Agencia - consultoria en marketing digital\",\"publisher\":{\"@id\":\"https:\\\/\\\/estrategiamarketing.digital\\\/ca\\\/#organization\"},\"alternateName\":\"EMD\",\"potentialAction\":[{\"@type\":\"SearchAction\",\"target\":{\"@type\":\"EntryPoint\",\"urlTemplate\":\"https:\\\/\\\/estrategiamarketing.digital\\\/ca\\\/?s={search_term_string}\"},\"query-input\":{\"@type\":\"PropertyValueSpecification\",\"valueRequired\":true,\"valueName\":\"search_term_string\"}}],\"inLanguage\":\"ca\"},{\"@type\":\"Organization\",\"@id\":\"https:\\\/\\\/estrategiamarketing.digital\\\/ca\\\/#organization\",\"name\":\"EMD\",\"url\":\"https:\\\/\\\/estrategiamarketing.digital\\\/ca\\\/\",\"logo\":{\"@type\":\"ImageObject\",\"inLanguage\":\"ca\",\"@id\":\"https:\\\/\\\/estrategiamarketing.digital\\\/ca\\\/#\\\/schema\\\/logo\\\/image\\\/\",\"url\":\"https:\\\/\\\/estrategiamarketing.digital\\\/wp-content\\\/uploads\\\/2020\\\/08\\\/isologo-EMD-circulo.png\",\"contentUrl\":\"https:\\\/\\\/estrategiamarketing.digital\\\/wp-content\\\/uploads\\\/2020\\\/08\\\/isologo-EMD-circulo.png\",\"width\":600,\"height\":600,\"caption\":\"EMD\"},\"image\":{\"@id\":\"https:\\\/\\\/estrategiamarketing.digital\\\/ca\\\/#\\\/schema\\\/logo\\\/image\\\/\"},\"sameAs\":[\"https:\\\/\\\/www.instagram.com\\\/emd_marketing_\\\/\",\"https:\\\/\\\/www.linkedin.com\\\/company\\\/emd-estrategia-de-marketing-digital\\\/\",\"https:\\\/\\\/www.youtube.com\\\/channel\\\/UC97GH4Y2URvuVyWYqSMkxWA\"]},{\"@type\":\"Person\",\"@id\":\"https:\\\/\\\/estrategiamarketing.digital\\\/ca\\\/#\\\/schema\\\/person\\\/67f83b72eac16e8a6782465c40cd40fd\",\"name\":\"Equipo EMD\",\"image\":{\"@type\":\"ImageObject\",\"inLanguage\":\"ca\",\"@id\":\"https:\\\/\\\/secure.gravatar.com\\\/avatar\\\/a76b37caac985cbb28e6dc967b1624a0dfb1eb33adaa9dd522bb7fe6d339b859?s=96&d=mm&r=g\",\"url\":\"https:\\\/\\\/secure.gravatar.com\\\/avatar\\\/a76b37caac985cbb28e6dc967b1624a0dfb1eb33adaa9dd522bb7fe6d339b859?s=96&d=mm&r=g\",\"contentUrl\":\"https:\\\/\\\/secure.gravatar.com\\\/avatar\\\/a76b37caac985cbb28e6dc967b1624a0dfb1eb33adaa9dd522bb7fe6d339b859?s=96&d=mm&r=g\",\"caption\":\"Equipo EMD\"},\"url\":\"https:\\\/\\\/estrategiamarketing.digital\\\/ca\\\/author\\\/admin\\\/\"}]}<\/script>\n<!-- \/ Yoast SEO plugin. -->","yoast_head_json":{"title":"Catalunya Exporta: Internacionalitza la teva empresa amb estrat\u00e8gia","description":"Descobreix com Catalunya Exporta ajuda les empreses a internacionalitzar-se amb estrat\u00e8gia, validaci\u00f3 de mercats i suport expert.","robots":{"index":"index","follow":"follow","max-snippet":"max-snippet:-1","max-image-preview":"max-image-preview:large","max-video-preview":"max-video-preview:-1"},"canonical":"https:\/\/estrategiamarketing.digital\/ca\/catalunya-exporta-limpuls-estrategic-que-les-empreses-necessiten-per-fer-el-salt-internacional\/","og_locale":"ca_ES","og_type":"article","og_title":"Catalunya Exporta: Internacionalitza la teva empresa amb estrat\u00e8gia","og_description":"Descobreix com Catalunya Exporta ajuda les empreses a internacionalitzar-se amb estrat\u00e8gia, validaci\u00f3 de mercats i suport expert.","og_url":"https:\/\/estrategiamarketing.digital\/ca\/catalunya-exporta-limpuls-estrategic-que-les-empreses-necessiten-per-fer-el-salt-internacional\/","og_site_name":"EMD - Estrategia de Marketing Digital","article_published_time":"2026-03-18T08:00:00+00:00","article_modified_time":"2026-03-18T08:08:46+00:00","og_image":[{"width":1266,"height":756,"url":"https:\/\/estrategiamarketing.digital\/wp-content\/uploads\/2026\/03\/catalunya-exporta.webp","type":"image\/webp"}],"author":"Equipo EMD","twitter_card":"summary_large_image","twitter_misc":{"Escrit per":"Equipo EMD","Temps estimat de lectura":"5 minuts"},"schema":{"@context":"https:\/\/schema.org","@graph":[{"@type":"Article","@id":"https:\/\/estrategiamarketing.digital\/ca\/catalunya-exporta-limpuls-estrategic-que-les-empreses-necessiten-per-fer-el-salt-internacional\/#article","isPartOf":{"@id":"https:\/\/estrategiamarketing.digital\/ca\/catalunya-exporta-limpuls-estrategic-que-les-empreses-necessiten-per-fer-el-salt-internacional\/"},"author":{"name":"Equipo EMD","@id":"https:\/\/estrategiamarketing.digital\/ca\/#\/schema\/person\/67f83b72eac16e8a6782465c40cd40fd"},"headline":"Catalunya Exporta: l&#8217;impuls estrat\u00e8gic que les empreses necessiten per fer el salt internacional","datePublished":"2026-03-18T08:00:00+00:00","dateModified":"2026-03-18T08:08:46+00:00","mainEntityOfPage":{"@id":"https:\/\/estrategiamarketing.digital\/ca\/catalunya-exporta-limpuls-estrategic-que-les-empreses-necessiten-per-fer-el-salt-internacional\/"},"wordCount":952,"commentCount":0,"publisher":{"@id":"https:\/\/estrategiamarketing.digital\/ca\/#organization"},"image":{"@id":"https:\/\/estrategiamarketing.digital\/ca\/catalunya-exporta-limpuls-estrategic-que-les-empreses-necessiten-per-fer-el-salt-internacional\/#primaryimage"},"thumbnailUrl":"https:\/\/estrategiamarketing.digital\/wp-content\/uploads\/2026\/03\/catalunya-exporta.webp","articleSection":["Internacionalitzaci\u00f3"],"inLanguage":"ca","potentialAction":[{"@type":"CommentAction","name":"Comment","target":["https:\/\/estrategiamarketing.digital\/ca\/catalunya-exporta-limpuls-estrategic-que-les-empreses-necessiten-per-fer-el-salt-internacional\/#respond"]}]},{"@type":"WebPage","@id":"https:\/\/estrategiamarketing.digital\/ca\/catalunya-exporta-limpuls-estrategic-que-les-empreses-necessiten-per-fer-el-salt-internacional\/","url":"https:\/\/estrategiamarketing.digital\/ca\/catalunya-exporta-limpuls-estrategic-que-les-empreses-necessiten-per-fer-el-salt-internacional\/","name":"Catalunya Exporta: Internacionalitza la teva empresa amb estrat\u00e8gia","isPartOf":{"@id":"https:\/\/estrategiamarketing.digital\/ca\/#website"},"primaryImageOfPage":{"@id":"https:\/\/estrategiamarketing.digital\/ca\/catalunya-exporta-limpuls-estrategic-que-les-empreses-necessiten-per-fer-el-salt-internacional\/#primaryimage"},"image":{"@id":"https:\/\/estrategiamarketing.digital\/ca\/catalunya-exporta-limpuls-estrategic-que-les-empreses-necessiten-per-fer-el-salt-internacional\/#primaryimage"},"thumbnailUrl":"https:\/\/estrategiamarketing.digital\/wp-content\/uploads\/2026\/03\/catalunya-exporta.webp","datePublished":"2026-03-18T08:00:00+00:00","dateModified":"2026-03-18T08:08:46+00:00","description":"Descobreix com Catalunya Exporta ajuda les empreses a internacionalitzar-se amb estrat\u00e8gia, validaci\u00f3 de mercats i suport expert.","breadcrumb":{"@id":"https:\/\/estrategiamarketing.digital\/ca\/catalunya-exporta-limpuls-estrategic-que-les-empreses-necessiten-per-fer-el-salt-internacional\/#breadcrumb"},"inLanguage":"ca","potentialAction":[{"@type":"ReadAction","target":["https:\/\/estrategiamarketing.digital\/ca\/catalunya-exporta-limpuls-estrategic-que-les-empreses-necessiten-per-fer-el-salt-internacional\/"]}]},{"@type":"ImageObject","inLanguage":"ca","@id":"https:\/\/estrategiamarketing.digital\/ca\/catalunya-exporta-limpuls-estrategic-que-les-empreses-necessiten-per-fer-el-salt-internacional\/#primaryimage","url":"https:\/\/estrategiamarketing.digital\/wp-content\/uploads\/2026\/03\/catalunya-exporta.webp","contentUrl":"https:\/\/estrategiamarketing.digital\/wp-content\/uploads\/2026\/03\/catalunya-exporta.webp","width":1266,"height":756},{"@type":"BreadcrumbList","@id":"https:\/\/estrategiamarketing.digital\/ca\/catalunya-exporta-limpuls-estrategic-que-les-empreses-necessiten-per-fer-el-salt-internacional\/#breadcrumb","itemListElement":[{"@type":"ListItem","position":1,"name":"Portada","item":"https:\/\/estrategiamarketing.digital\/ca\/inici\/"},{"@type":"ListItem","position":2,"name":"Catalunya Exporta: l&#8217;impuls estrat\u00e8gic que les empreses necessiten per fer el salt internacional"}]},{"@type":"WebSite","@id":"https:\/\/estrategiamarketing.digital\/ca\/#website","url":"https:\/\/estrategiamarketing.digital\/ca\/","name":"EMD - Estrategia de Marketing Digital","description":"Agencia - consultoria en marketing digital","publisher":{"@id":"https:\/\/estrategiamarketing.digital\/ca\/#organization"},"alternateName":"EMD","potentialAction":[{"@type":"SearchAction","target":{"@type":"EntryPoint","urlTemplate":"https:\/\/estrategiamarketing.digital\/ca\/?s={search_term_string}"},"query-input":{"@type":"PropertyValueSpecification","valueRequired":true,"valueName":"search_term_string"}}],"inLanguage":"ca"},{"@type":"Organization","@id":"https:\/\/estrategiamarketing.digital\/ca\/#organization","name":"EMD","url":"https:\/\/estrategiamarketing.digital\/ca\/","logo":{"@type":"ImageObject","inLanguage":"ca","@id":"https:\/\/estrategiamarketing.digital\/ca\/#\/schema\/logo\/image\/","url":"https:\/\/estrategiamarketing.digital\/wp-content\/uploads\/2020\/08\/isologo-EMD-circulo.png","contentUrl":"https:\/\/estrategiamarketing.digital\/wp-content\/uploads\/2020\/08\/isologo-EMD-circulo.png","width":600,"height":600,"caption":"EMD"},"image":{"@id":"https:\/\/estrategiamarketing.digital\/ca\/#\/schema\/logo\/image\/"},"sameAs":["https:\/\/www.instagram.com\/emd_marketing_\/","https:\/\/www.linkedin.com\/company\/emd-estrategia-de-marketing-digital\/","https:\/\/www.youtube.com\/channel\/UC97GH4Y2URvuVyWYqSMkxWA"]},{"@type":"Person","@id":"https:\/\/estrategiamarketing.digital\/ca\/#\/schema\/person\/67f83b72eac16e8a6782465c40cd40fd","name":"Equipo EMD","image":{"@type":"ImageObject","inLanguage":"ca","@id":"https:\/\/secure.gravatar.com\/avatar\/a76b37caac985cbb28e6dc967b1624a0dfb1eb33adaa9dd522bb7fe6d339b859?s=96&d=mm&r=g","url":"https:\/\/secure.gravatar.com\/avatar\/a76b37caac985cbb28e6dc967b1624a0dfb1eb33adaa9dd522bb7fe6d339b859?s=96&d=mm&r=g","contentUrl":"https:\/\/secure.gravatar.com\/avatar\/a76b37caac985cbb28e6dc967b1624a0dfb1eb33adaa9dd522bb7fe6d339b859?s=96&d=mm&r=g","caption":"Equipo EMD"},"url":"https:\/\/estrategiamarketing.digital\/ca\/author\/admin\/"}]}},"_links":{"self":[{"href":"https:\/\/estrategiamarketing.digital\/ca\/wp-json\/wp\/v2\/posts\/9437","targetHints":{"allow":["GET"]}}],"collection":[{"href":"https:\/\/estrategiamarketing.digital\/ca\/wp-json\/wp\/v2\/posts"}],"about":[{"href":"https:\/\/estrategiamarketing.digital\/ca\/wp-json\/wp\/v2\/types\/post"}],"author":[{"embeddable":true,"href":"https:\/\/estrategiamarketing.digital\/ca\/wp-json\/wp\/v2\/users\/12"}],"replies":[{"embeddable":true,"href":"https:\/\/estrategiamarketing.digital\/ca\/wp-json\/wp\/v2\/comments?post=9437"}],"version-history":[{"count":1,"href":"https:\/\/estrategiamarketing.digital\/ca\/wp-json\/wp\/v2\/posts\/9437\/revisions"}],"predecessor-version":[{"id":9438,"href":"https:\/\/estrategiamarketing.digital\/ca\/wp-json\/wp\/v2\/posts\/9437\/revisions\/9438"}],"wp:featuredmedia":[{"embeddable":true,"href":"https:\/\/estrategiamarketing.digital\/ca\/wp-json\/wp\/v2\/media\/9434"}],"wp:attachment":[{"href":"https:\/\/estrategiamarketing.digital\/ca\/wp-json\/wp\/v2\/media?parent=9437"}],"wp:term":[{"taxonomy":"category","embeddable":true,"href":"https:\/\/estrategiamarketing.digital\/ca\/wp-json\/wp\/v2\/categories?post=9437"},{"taxonomy":"post_tag","embeddable":true,"href":"https:\/\/estrategiamarketing.digital\/ca\/wp-json\/wp\/v2\/tags?post=9437"}],"curies":[{"name":"wp","href":"https:\/\/api.w.org\/{rel}","templated":true}]}}